{"id":9381,"date":"2025-04-30T18:39:00","date_gmt":"2025-04-30T16:39:00","guid":{"rendered":"https:\/\/bart-et-lemy.com\/blog\/?p=9381"},"modified":"2025-02-12T16:56:19","modified_gmt":"2025-02-12T15:56:19","slug":"guirlande-veilleuse-bebe-16-led-tim-une-lumiere-douce-pour-un-sommeil-apaise","status":"publish","type":"post","link":"https:\/\/bart-et-lemy.com\/blog\/a-la-une\/guirlande-veilleuse-bebe-16-led-tim-une-lumiere-douce-pour-un-sommeil-apaise\/","title":{"rendered":"Guirlande veilleuse b\u00e9b\u00e9 16 LED Tim : une lumi\u00e8re douce pour un sommeil apais\u00e9"},"content":{"rendered":"<h2>Introduction<\/h2>\n<p>Cette veilleuse offre une lumi\u00e8re douce et apaisante, parfaite pour les chambres d&rsquo;enfants. Pourquoi est-il si important de choisir la bonne source de lumi\u00e8re pour le sommeil de votre petit ? D\u00e9couvrons ensemble les avantages de cette guirlande.<\/p>\n<h2>Les caract\u00e9ristiques de la guirlande veilleuse b\u00e9b\u00e9 16 LED Tim<\/h2>\n<p>La guirlande veilleuse b\u00e9b\u00e9 16 LED Tim se distingue par ses caract\u00e9ristiques uniques qui en font un choix id\u00e9al pour les parents. Voici quelques points cl\u00e9s :<\/p>\n<ul>\n<li><strong>16 LED douces :<\/strong> Elles offrent une lumi\u00e8re optimale pour ne pas perturber le sommeil de votre b\u00e9b\u00e9.<\/li>\n<li><strong>Design attrayant :<\/strong> Avec ses couleurs pastel, elle s&rsquo;int\u00e8gre parfaitement dans la d\u00e9coration de la chambre.<\/li>\n<li><strong>\u00c9conomie d&rsquo;\u00e9nergie :<\/strong> Les LED consomment peu d&rsquo;\u00e9lectricit\u00e9 tout en offrant une luminosit\u00e9 suffisante.<\/li>\n<\/ul>\n<p>Ces \u00e9l\u00e9ments font de la guirlande non seulement un objet d\u00e9coratif, mais aussi une solution fonctionnelle pour les nuits agit\u00e9es.<\/p>\n<blockquote class=\"wp-embedded-content\" data-secret=\"rHF9ra7puI\"><p><a href=\"https:\/\/bart-et-lemy.com\/blog\/a-la-une\/comprendre-pourquoi-votre-bebe-se-bouche-les-oreilles-causes-et-solutions\/\">Comprendre pourquoi votre b\u00e9b\u00e9 se bouche les oreilles : Causes et solutions<\/a><\/p><\/blockquote>\n<p><iframe loading=\"lazy\" class=\"wp-embedded-content\" sandbox=\"allow-scripts\" security=\"restricted\" style=\"position: absolute; visibility: hidden;\" title=\"\u00ab\u00a0Comprendre pourquoi votre b\u00e9b\u00e9 se bouche les oreilles : Causes et solutions\u00a0\u00bb &#8212; bart-et-lemy.com\" src=\"https:\/\/bart-et-lemy.com\/blog\/a-la-une\/comprendre-pourquoi-votre-bebe-se-bouche-les-oreilles-causes-et-solutions\/embed\/#?secret=WUczkqwI5D#?secret=rHF9ra7puI\" data-secret=\"rHF9ra7puI\" width=\"600\" height=\"338\" frameborder=\"0\" marginwidth=\"0\" marginheight=\"0\" scrolling=\"no\"><\/iframe><\/p>\n<h2>Les avantages d&rsquo;une veilleuse pour b\u00e9b\u00e9<\/h2>\n<p>Utiliser une veilleuse comme la guirlande 16 LED Tim pr\u00e9sente de nombreux avantages pour le sommeil des b\u00e9b\u00e9s et des jeunes enfants. Voici les principaux :<\/p>\n<ul>\n<li><strong>Cr\u00e9ation d&rsquo;une atmosph\u00e8re relaxante :<\/strong> La lumi\u00e8re douce aide \u00e0 instaurer un climat apaisant, propice \u00e0 l&rsquo;endormissement.<\/li>\n<li><strong>R\u00e9duction de la peur du noir :<\/strong> La veilleuse rassure les enfants qui craignent l&rsquo;obscurit\u00e9, facilitant ainsi leur sommeil.<\/li>\n<li><strong>Facilite les nuits de parents :<\/strong> Avec une lumi\u00e8re tamis\u00e9e, les parents peuvent se d\u00e9placer sans r\u00e9veiller leur enfant.<\/li>\n<\/ul>\n<p>Les b\u00e9n\u00e9fices de cette veilleuse vont au-del\u00e0 de la simple fonctionnalit\u00e9. Elles participent \u00e0 un environnement serein et accueillant pour vos petits.<\/p>\n<p><iframe loading=\"lazy\" title=\"\ud83d\udd75\ufe0f\u200d\u2642\ufe0f The Bishop Murder Case by S. S. Van Dine | A Classic Detective Mystery \ud83c\udfa9\ud83d\udd0d\" width=\"1200\" height=\"675\" src=\"https:\/\/www.youtube.com\/embed\/UWKMchZmDC4?feature=oembed\" frameborder=\"0\" allow=\"accelerometer; autoplay; clipboard-write; encrypted-media; gyroscope; picture-in-picture; web-share\" referrerpolicy=\"strict-origin-when-cross-origin\" allowfullscreen><\/iframe><\/p>\n<h2>Comparaison avec d&rsquo;autres types de veilleuses<\/h2>\n<p>Il existe plusieurs types de veilleuses sur le march\u00e9. Comparons la guirlande veilleuse b\u00e9b\u00e9 16 LED Tim avec d&rsquo;autres options populaires :<\/p>\n<blockquote class=\"wp-embedded-content\" data-secret=\"H7hOzojF3e\"><p><a href=\"https:\/\/bart-et-lemy.com\/blog\/a-la-une\/lattachement-intergenerationnel-comprendre-la-relation-entre-bebes-et-personnes-agees\/\">L&rsquo;attachement interg\u00e9n\u00e9rationnel : comprendre la relation entre b\u00e9b\u00e9s et personnes \u00e2g\u00e9es<\/a><\/p><\/blockquote>\n<p><iframe loading=\"lazy\" class=\"wp-embedded-content\" sandbox=\"allow-scripts\" security=\"restricted\" style=\"position: absolute; visibility: hidden;\" title=\"\u00ab\u00a0L&rsquo;attachement interg\u00e9n\u00e9rationnel : comprendre la relation entre b\u00e9b\u00e9s et personnes \u00e2g\u00e9es\u00a0\u00bb &#8212; bart-et-lemy.com\" src=\"https:\/\/bart-et-lemy.com\/blog\/a-la-une\/lattachement-intergenerationnel-comprendre-la-relation-entre-bebes-et-personnes-agees\/embed\/#?secret=3d92fScn1k#?secret=H7hOzojF3e\" data-secret=\"H7hOzojF3e\" width=\"600\" height=\"338\" frameborder=\"0\" marginwidth=\"0\" marginheight=\"0\" scrolling=\"no\"><\/iframe><\/p>\n<table>\n<tr>\n<th>Type de veilleuse<\/th>\n<th>Avantages<\/th>\n<th>Inconv\u00e9nients<\/th>\n<\/tr>\n<tr>\n<td>Guirlande LED<\/td>\n<td>Lumi\u00e8re douce, d\u00e9corative, peu \u00e9nergivore<\/td>\n<td>Peut n\u00e9cessiter une prise pour fonctionner<\/td>\n<\/tr>\n<tr>\n<td>Veilleuse classique<\/td>\n<td>Facile \u00e0 utiliser, souvent portable<\/td>\n<td>Lumi\u00e8re parfois trop forte, design basique<\/td>\n<\/tr>\n<tr>\n<td>Veilleuse avec projecteur<\/td>\n<td>Projette des images apaisantes<\/td>\n<td>Peut \u00eatre trop stimulante pour certains enfants<\/td>\n<\/tr>\n<\/table>\n<p>La guirlande veilleuse se d\u00e9marque par sa capacit\u00e9 \u00e0 allier esth\u00e9tique et fonctionnalit\u00e9, tout en offrant un \u00e9clairage adapt\u00e9.<\/p>\n<h2>Conseils pour l&rsquo;utilisation de la guirlande veilleuse<\/h2>\n<p>Pour tirer le meilleur parti de la guirlande veilleuse b\u00e9b\u00e9 16 LED Tim, voici quelques conseils pratiques :<\/p>\n<ul>\n<li><strong>Positionnez-la correctement :<\/strong> Placez la veilleuse \u00e0 proximit\u00e9 du lit pour qu&rsquo;elle diffuse une lumi\u00e8re douce sans \u00e9blouir.<\/li>\n<li><strong>\u00c9tablissez une routine :<\/strong> Int\u00e9grez la lumi\u00e8re dans la routine du coucher pour signaler \u00e0 votre enfant qu&rsquo;il est temps de dormir.<\/li>\n<li><strong>\u00c9vitez l&rsquo;usage prolong\u00e9 :<\/strong> Limitez son utilisation aux heures de sommeil pour \u00e9viter que l&rsquo;enfant ne s&rsquo;habitue \u00e0 un \u00e9clairage constant.<\/li>\n<\/ul>\n<p>Ces conseils vous aideront \u00e0 cr\u00e9er un environnement de sommeil id\u00e9al pour votre enfant, favorisant des nuits reposantes.<\/p>\n<h3>FAQ :<\/h3>\n<blockquote>\n<ul>\n<li><strong>Quelle est la dur\u00e9e de vie des LED ?<\/strong>Les LED de la guirlande peuvent durer jusqu&rsquo;\u00e0 25 000 heures.<\/li>\n<li><strong>La guirlande est-elle s\u00e9curis\u00e9e pour les b\u00e9b\u00e9s ?<\/strong>Oui, elle est con\u00e7ue avec des mat\u00e9riaux s\u00fbrs et sans danger pour les enfants.<\/li>\n<li><strong>Peut-on utiliser la guirlande \u00e0 l&rsquo;ext\u00e9rieur ?<\/strong>Non, cette guirlande est destin\u00e9e \u00e0 un usage int\u00e9rieur uniquement.<\/li>\n<li><strong>Est-elle facile \u00e0 installer ?<\/strong>Oui, la guirlande est simple \u00e0 accrocher et \u00e0 d\u00e9placer selon vos besoins.<\/li>\n<\/ul>\n<\/blockquote>\n<p>En somme, la guirlande veilleuse b\u00e9b\u00e9 16 LED Tim constitue un excellent choix pour am\u00e9liorer le sommeil de votre enfant. Elle combine esth\u00e9tique, s\u00e9curit\u00e9 et fonctionnalit\u00e9, cr\u00e9ant ainsi un environnement propice au repos. Ne sous-estimez pas le pouvoir d&rsquo;une lumi\u00e8re douce pour apaiser les nuits de votre petit.<\/p>\n","protected":false},"excerpt":{"rendered":"","protected":false},"author":34,"featured_media":10763,"comment_status":"open","ping_status":"open","sticky":false,"template":"","format":"standard","meta":{"_acf_changed":false,"manual_indexmenow":false,"indexmenow_id_project":0,"footnotes":""},"categories":[1],"tags":[4590,4095,5949,6649,4804,5030],"class_list":["post-9381","post","type-post","status-publish","format-standard","has-post-thumbnail","hentry","category-a-la-une","tag-bebe","tag-decoration","tag-led","tag-relaxante","tag-sommeil","tag-veilleuse","generate-columns","tablet-grid-50","mobile-grid-100","grid-parent","grid-25"],"acf":[],"yoast_head":"<!-- This site is optimized with the Yoast SEO Premium plugin v21.3 (Yoast SEO v27.3) - https:\/\/yoast.com\/product\/yoast-seo-premium-wordpress\/ -->\n<title>Guirlande veilleuse b\u00e9b\u00e9 16 LED Tim<\/title>\n<meta name=\"description\" content=\"Cette veilleuse offre une lumi\u00e8re douce et apaisante, parfaite pour les chambres d&#039;enfants.\" \/>\n<meta name=\"robots\" content=\"index, follow, max-snippet:-1, max-image-preview:large, max-video-preview:-1\" \/>\n<link rel=\"canonical\" href=\"https:\/\/bart-et-lemy.com\/blog\/a-la-une\/guirlande-veilleuse-bebe-16-led-tim-une-lumiere-douce-pour-un-sommeil-apaise\/\" \/>\n<meta property=\"og:locale\" content=\"fr_FR\" \/>\n<meta property=\"og:type\" content=\"article\" \/>\n<meta property=\"og:title\" content=\"Guirlande veilleuse b\u00e9b\u00e9 16 LED Tim\" \/>\n<meta property=\"og:description\" content=\"Cette veilleuse offre une lumi\u00e8re douce et apaisante, parfaite pour les chambres d&#039;enfants.\" \/>\n<meta property=\"og:url\" content=\"https:\/\/bart-et-lemy.com\/blog\/a-la-une\/guirlande-veilleuse-bebe-16-led-tim-une-lumiere-douce-pour-un-sommeil-apaise\/\" \/>\n<meta property=\"og:site_name\" content=\"bart-et-lemy.com\" \/>\n<meta property=\"og:image\" content=\"https:\/\/bart-et-lemy.com\/blog\/wp-content\/uploads\/2025\/05\/sdxl-4c43496f29f77b17e70bf86f63118f2f-scaled.png\" \/>\n\t<meta property=\"og:image:width\" content=\"1200\" \/>\n\t<meta property=\"og:image:height\" content=\"500\" \/>\n\t<meta property=\"og:image:type\" content=\"image\/png\" \/>\n<meta name=\"author\" content=\"Elodie Mazeau\" \/>\n<meta name=\"twitter:card\" content=\"summary_large_image\" \/>\n<script type=\"application\/ld+json\" class=\"yoast-schema-graph\">{\"@context\":\"https:\\\/\\\/schema.org\",\"@graph\":[{\"@type\":\"NewsArticle\",\"@id\":\"https:\\\/\\\/bart-et-lemy.com\\\/blog\\\/a-la-une\\\/guirlande-veilleuse-bebe-16-led-tim-une-lumiere-douce-pour-un-sommeil-apaise\\\/#article\",\"isPartOf\":{\"@id\":\"https:\\\/\\\/bart-et-lemy.com\\\/blog\\\/a-la-une\\\/guirlande-veilleuse-bebe-16-led-tim-une-lumiere-douce-pour-un-sommeil-apaise\\\/\"},\"author\":{\"name\":\"Elodie Mazeau\",\"@id\":\"https:\\\/\\\/bart-et-lemy.com\\\/blog\\\/#\\\/schema\\\/person\\\/3c864cdc320801e3db34b663e7e3f816\"},\"headline\":\"Guirlande veilleuse b\u00e9b\u00e9 16 LED Tim : une lumi\u00e8re douce pour un sommeil apais\u00e9\",\"datePublished\":\"2025-04-30T16:39:00+00:00\",\"mainEntityOfPage\":{\"@id\":\"https:\\\/\\\/bart-et-lemy.com\\\/blog\\\/a-la-une\\\/guirlande-veilleuse-bebe-16-led-tim-une-lumiere-douce-pour-un-sommeil-apaise\\\/\"},\"wordCount\":644,\"commentCount\":23,\"publisher\":{\"@id\":\"https:\\\/\\\/bart-et-lemy.com\\\/blog\\\/#organization\"},\"image\":{\"@id\":\"https:\\\/\\\/bart-et-lemy.com\\\/blog\\\/a-la-une\\\/guirlande-veilleuse-bebe-16-led-tim-une-lumiere-douce-pour-un-sommeil-apaise\\\/#primaryimage\"},\"thumbnailUrl\":\"https:\\\/\\\/bart-et-lemy.com\\\/blog\\\/wp-content\\\/uploads\\\/2025\\\/05\\\/sdxl-4c43496f29f77b17e70bf86f63118f2f-scaled.png\",\"keywords\":[\"B\u00e9b\u00e9\",\"D\u00e9coration\",\"LED\",\"Relaxante\",\"Sommeil\",\"Veilleuse\"],\"articleSection\":[\"\u00c0 la une\"],\"inLanguage\":\"fr-FR\",\"potentialAction\":[{\"@type\":\"CommentAction\",\"name\":\"Comment\",\"target\":[\"https:\\\/\\\/bart-et-lemy.com\\\/blog\\\/a-la-une\\\/guirlande-veilleuse-bebe-16-led-tim-une-lumiere-douce-pour-un-sommeil-apaise\\\/#respond\"]}]},{\"@type\":\"WebPage\",\"@id\":\"https:\\\/\\\/bart-et-lemy.com\\\/blog\\\/a-la-une\\\/guirlande-veilleuse-bebe-16-led-tim-une-lumiere-douce-pour-un-sommeil-apaise\\\/\",\"url\":\"https:\\\/\\\/bart-et-lemy.com\\\/blog\\\/a-la-une\\\/guirlande-veilleuse-bebe-16-led-tim-une-lumiere-douce-pour-un-sommeil-apaise\\\/\",\"name\":\"Guirlande veilleuse b\u00e9b\u00e9 16 LED Tim\",\"isPartOf\":{\"@id\":\"https:\\\/\\\/bart-et-lemy.com\\\/blog\\\/#website\"},\"primaryImageOfPage\":{\"@id\":\"https:\\\/\\\/bart-et-lemy.com\\\/blog\\\/a-la-une\\\/guirlande-veilleuse-bebe-16-led-tim-une-lumiere-douce-pour-un-sommeil-apaise\\\/#primaryimage\"},\"image\":{\"@id\":\"https:\\\/\\\/bart-et-lemy.com\\\/blog\\\/a-la-une\\\/guirlande-veilleuse-bebe-16-led-tim-une-lumiere-douce-pour-un-sommeil-apaise\\\/#primaryimage\"},\"thumbnailUrl\":\"https:\\\/\\\/bart-et-lemy.com\\\/blog\\\/wp-content\\\/uploads\\\/2025\\\/05\\\/sdxl-4c43496f29f77b17e70bf86f63118f2f-scaled.png\",\"datePublished\":\"2025-04-30T16:39:00+00:00\",\"description\":\"Cette veilleuse offre une lumi\u00e8re douce et apaisante, parfaite pour les chambres d'enfants.\",\"inLanguage\":\"fr-FR\",\"potentialAction\":[{\"@type\":\"ReadAction\",\"target\":[\"https:\\\/\\\/bart-et-lemy.com\\\/blog\\\/a-la-une\\\/guirlande-veilleuse-bebe-16-led-tim-une-lumiere-douce-pour-un-sommeil-apaise\\\/\"]}]},{\"@type\":\"ImageObject\",\"inLanguage\":\"fr-FR\",\"@id\":\"https:\\\/\\\/bart-et-lemy.com\\\/blog\\\/a-la-une\\\/guirlande-veilleuse-bebe-16-led-tim-une-lumiere-douce-pour-un-sommeil-apaise\\\/#primaryimage\",\"url\":\"https:\\\/\\\/bart-et-lemy.com\\\/blog\\\/wp-content\\\/uploads\\\/2025\\\/05\\\/sdxl-4c43496f29f77b17e70bf86f63118f2f-scaled.png\",\"contentUrl\":\"https:\\\/\\\/bart-et-lemy.com\\\/blog\\\/wp-content\\\/uploads\\\/2025\\\/05\\\/sdxl-4c43496f29f77b17e70bf86f63118f2f-scaled.png\",\"width\":1200,\"height\":500},{\"@type\":\"WebSite\",\"@id\":\"https:\\\/\\\/bart-et-lemy.com\\\/blog\\\/#website\",\"url\":\"https:\\\/\\\/bart-et-lemy.com\\\/blog\\\/\",\"name\":\"Bart et Lemy\",\"description\":\"L\u2019originalit\u00e9 en toute libert\u00e9.\",\"publisher\":{\"@id\":\"https:\\\/\\\/bart-et-lemy.com\\\/blog\\\/#organization\"},\"alternateName\":\"Conseils parentaux, astuces famille et bien-\u00eatre enfant\",\"potentialAction\":[{\"@type\":\"SearchAction\",\"target\":{\"@type\":\"EntryPoint\",\"urlTemplate\":\"https:\\\/\\\/bart-et-lemy.com\\\/blog\\\/?s={search_term_string}\"},\"query-input\":{\"@type\":\"PropertyValueSpecification\",\"valueRequired\":true,\"valueName\":\"search_term_string\"}}],\"inLanguage\":\"fr-FR\"},{\"@type\":\"Organization\",\"@id\":\"https:\\\/\\\/bart-et-lemy.com\\\/blog\\\/#organization\",\"name\":\"Bart et Lemy\",\"alternateName\":\"bart-et-lemy.com\",\"url\":\"https:\\\/\\\/bart-et-lemy.com\\\/blog\\\/\",\"logo\":{\"@type\":\"ImageObject\",\"inLanguage\":\"fr-FR\",\"@id\":\"https:\\\/\\\/bart-et-lemy.com\\\/blog\\\/#\\\/schema\\\/logo\\\/image\\\/\",\"url\":\"https:\\\/\\\/bart-et-lemy.com\\\/blog\\\/wp-content\\\/uploads\\\/2026\\\/07\\\/logo-auto.png\",\"contentUrl\":\"https:\\\/\\\/bart-et-lemy.com\\\/blog\\\/wp-content\\\/uploads\\\/2026\\\/07\\\/logo-auto.png\",\"width\":1024,\"height\":1024,\"caption\":\"Bart et Lemy\"},\"image\":{\"@id\":\"https:\\\/\\\/bart-et-lemy.com\\\/blog\\\/#\\\/schema\\\/logo\\\/image\\\/\"}},{\"@type\":\"Person\",\"@id\":\"https:\\\/\\\/bart-et-lemy.com\\\/blog\\\/#\\\/schema\\\/person\\\/3c864cdc320801e3db34b663e7e3f816\",\"name\":\"Elodie Mazeau\",\"image\":{\"@type\":\"ImageObject\",\"inLanguage\":\"fr-FR\",\"@id\":\"https:\\\/\\\/bart-et-lemy.com\\\/blog\\\/wp-content\\\/uploads\\\/2026\\\/06\\\/persona_elodie-m-96x96.jpg\",\"url\":\"https:\\\/\\\/bart-et-lemy.com\\\/blog\\\/wp-content\\\/uploads\\\/2026\\\/06\\\/persona_elodie-m-96x96.jpg\",\"contentUrl\":\"https:\\\/\\\/bart-et-lemy.com\\\/blog\\\/wp-content\\\/uploads\\\/2026\\\/06\\\/persona_elodie-m-96x96.jpg\",\"caption\":\"Elodie Mazeau\"},\"description\":\"J'\u00e9cris sur la parentalit\u00e9 telle qu'elle se vit vraiment, du premier biberon aux premi\u00e8res col\u00e8res. Mes sujets de pr\u00e9dilection couvrent le quotidien des familles : sommeil, alimentation, organisation, pu\u00e9riculture et ces petites gal\u00e8res que tout parent conna\u00eet. Depuis plusieurs ann\u00e9es, je m'attache \u00e0 proposer des rep\u00e8res concrets plut\u00f4t que des le\u00e7ons, parce que chaque famille trouve son propre \u00e9quilibre. Je v\u00e9rifie mes informations aupr\u00e8s de sources fiables, surtout d\u00e8s qu'on touche \u00e0 la sant\u00e9 ou \u00e0 la s\u00e9curit\u00e9 de l'enfant, et je pr\u00e9cise quand un avis professionnel s'impose. J'\u00e9vite soigneusement la culpabilisation : \u00eatre parent est d\u00e9j\u00e0 assez exigeant. Mon ton se veut complice et bienveillant, un peu comme une discussion entre parents qui se comprennent. L'id\u00e9e est d'all\u00e9ger la charge mentale en donnant des solutions simples et test\u00e9es.\",\"sameAs\":[\"https:\\\/\\\/elodiemazeau.fr\\\/\"],\"url\":\"https:\\\/\\\/bart-et-lemy.com\\\/blog\\\/auteur\\\/noname\\\/\"}]}<\/script>\n<!-- \/ Yoast SEO Premium plugin. -->","yoast_head_json":{"title":"Guirlande veilleuse b\u00e9b\u00e9 16 LED Tim","description":"Cette veilleuse offre une lumi\u00e8re douce et apaisante, parfaite pour les chambres d'enfants.","robots":{"index":"index","follow":"follow","max-snippet":"max-snippet:-1","max-image-preview":"max-image-preview:large","max-video-preview":"max-video-preview:-1"},"canonical":"https:\/\/bart-et-lemy.com\/blog\/a-la-une\/guirlande-veilleuse-bebe-16-led-tim-une-lumiere-douce-pour-un-sommeil-apaise\/","og_locale":"fr_FR","og_type":"article","og_title":"Guirlande veilleuse b\u00e9b\u00e9 16 LED Tim","og_description":"Cette veilleuse offre une lumi\u00e8re douce et apaisante, parfaite pour les chambres d'enfants.","og_url":"https:\/\/bart-et-lemy.com\/blog\/a-la-une\/guirlande-veilleuse-bebe-16-led-tim-une-lumiere-douce-pour-un-sommeil-apaise\/","og_site_name":"bart-et-lemy.com","og_image":[{"width":1200,"height":500,"url":"https:\/\/bart-et-lemy.com\/blog\/wp-content\/uploads\/2025\/05\/sdxl-4c43496f29f77b17e70bf86f63118f2f-scaled.png","type":"image\/png"}],"author":"Elodie Mazeau","twitter_card":"summary_large_image","schema":{"@context":"https:\/\/schema.org","@graph":[{"@type":"NewsArticle","@id":"https:\/\/bart-et-lemy.com\/blog\/a-la-une\/guirlande-veilleuse-bebe-16-led-tim-une-lumiere-douce-pour-un-sommeil-apaise\/#article","isPartOf":{"@id":"https:\/\/bart-et-lemy.com\/blog\/a-la-une\/guirlande-veilleuse-bebe-16-led-tim-une-lumiere-douce-pour-un-sommeil-apaise\/"},"author":{"name":"Elodie Mazeau","@id":"https:\/\/bart-et-lemy.com\/blog\/#\/schema\/person\/3c864cdc320801e3db34b663e7e3f816"},"headline":"Guirlande veilleuse b\u00e9b\u00e9 16 LED Tim : une lumi\u00e8re douce pour un sommeil apais\u00e9","datePublished":"2025-04-30T16:39:00+00:00","mainEntityOfPage":{"@id":"https:\/\/bart-et-lemy.com\/blog\/a-la-une\/guirlande-veilleuse-bebe-16-led-tim-une-lumiere-douce-pour-un-sommeil-apaise\/"},"wordCount":644,"commentCount":23,"publisher":{"@id":"https:\/\/bart-et-lemy.com\/blog\/#organization"},"image":{"@id":"https:\/\/bart-et-lemy.com\/blog\/a-la-une\/guirlande-veilleuse-bebe-16-led-tim-une-lumiere-douce-pour-un-sommeil-apaise\/#primaryimage"},"thumbnailUrl":"https:\/\/bart-et-lemy.com\/blog\/wp-content\/uploads\/2025\/05\/sdxl-4c43496f29f77b17e70bf86f63118f2f-scaled.png","keywords":["B\u00e9b\u00e9","D\u00e9coration","LED","Relaxante","Sommeil","Veilleuse"],"articleSection":["\u00c0 la une"],"inLanguage":"fr-FR","potentialAction":[{"@type":"CommentAction","name":"Comment","target":["https:\/\/bart-et-lemy.com\/blog\/a-la-une\/guirlande-veilleuse-bebe-16-led-tim-une-lumiere-douce-pour-un-sommeil-apaise\/#respond"]}]},{"@type":"WebPage","@id":"https:\/\/bart-et-lemy.com\/blog\/a-la-une\/guirlande-veilleuse-bebe-16-led-tim-une-lumiere-douce-pour-un-sommeil-apaise\/","url":"https:\/\/bart-et-lemy.com\/blog\/a-la-une\/guirlande-veilleuse-bebe-16-led-tim-une-lumiere-douce-pour-un-sommeil-apaise\/","name":"Guirlande veilleuse b\u00e9b\u00e9 16 LED Tim","isPartOf":{"@id":"https:\/\/bart-et-lemy.com\/blog\/#website"},"primaryImageOfPage":{"@id":"https:\/\/bart-et-lemy.com\/blog\/a-la-une\/guirlande-veilleuse-bebe-16-led-tim-une-lumiere-douce-pour-un-sommeil-apaise\/#primaryimage"},"image":{"@id":"https:\/\/bart-et-lemy.com\/blog\/a-la-une\/guirlande-veilleuse-bebe-16-led-tim-une-lumiere-douce-pour-un-sommeil-apaise\/#primaryimage"},"thumbnailUrl":"https:\/\/bart-et-lemy.com\/blog\/wp-content\/uploads\/2025\/05\/sdxl-4c43496f29f77b17e70bf86f63118f2f-scaled.png","datePublished":"2025-04-30T16:39:00+00:00","description":"Cette veilleuse offre une lumi\u00e8re douce et apaisante, parfaite pour les chambres d'enfants.","inLanguage":"fr-FR","potentialAction":[{"@type":"ReadAction","target":["https:\/\/bart-et-lemy.com\/blog\/a-la-une\/guirlande-veilleuse-bebe-16-led-tim-une-lumiere-douce-pour-un-sommeil-apaise\/"]}]},{"@type":"ImageObject","inLanguage":"fr-FR","@id":"https:\/\/bart-et-lemy.com\/blog\/a-la-une\/guirlande-veilleuse-bebe-16-led-tim-une-lumiere-douce-pour-un-sommeil-apaise\/#primaryimage","url":"https:\/\/bart-et-lemy.com\/blog\/wp-content\/uploads\/2025\/05\/sdxl-4c43496f29f77b17e70bf86f63118f2f-scaled.png","contentUrl":"https:\/\/bart-et-lemy.com\/blog\/wp-content\/uploads\/2025\/05\/sdxl-4c43496f29f77b17e70bf86f63118f2f-scaled.png","width":1200,"height":500},{"@type":"WebSite","@id":"https:\/\/bart-et-lemy.com\/blog\/#website","url":"https:\/\/bart-et-lemy.com\/blog\/","name":"Bart et Lemy","description":"L\u2019originalit\u00e9 en toute libert\u00e9.","publisher":{"@id":"https:\/\/bart-et-lemy.com\/blog\/#organization"},"alternateName":"Conseils parentaux, astuces famille et bien-\u00eatre enfant","potentialAction":[{"@type":"SearchAction","target":{"@type":"EntryPoint","urlTemplate":"https:\/\/bart-et-lemy.com\/blog\/?s={search_term_string}"},"query-input":{"@type":"PropertyValueSpecification","valueRequired":true,"valueName":"search_term_string"}}],"inLanguage":"fr-FR"},{"@type":"Organization","@id":"https:\/\/bart-et-lemy.com\/blog\/#organization","name":"Bart et Lemy","alternateName":"bart-et-lemy.com","url":"https:\/\/bart-et-lemy.com\/blog\/","logo":{"@type":"ImageObject","inLanguage":"fr-FR","@id":"https:\/\/bart-et-lemy.com\/blog\/#\/schema\/logo\/image\/","url":"https:\/\/bart-et-lemy.com\/blog\/wp-content\/uploads\/2026\/07\/logo-auto.png","contentUrl":"https:\/\/bart-et-lemy.com\/blog\/wp-content\/uploads\/2026\/07\/logo-auto.png","width":1024,"height":1024,"caption":"Bart et Lemy"},"image":{"@id":"https:\/\/bart-et-lemy.com\/blog\/#\/schema\/logo\/image\/"}},{"@type":"Person","@id":"https:\/\/bart-et-lemy.com\/blog\/#\/schema\/person\/3c864cdc320801e3db34b663e7e3f816","name":"Elodie Mazeau","image":{"@type":"ImageObject","inLanguage":"fr-FR","@id":"https:\/\/bart-et-lemy.com\/blog\/wp-content\/uploads\/2026\/06\/persona_elodie-m-96x96.jpg","url":"https:\/\/bart-et-lemy.com\/blog\/wp-content\/uploads\/2026\/06\/persona_elodie-m-96x96.jpg","contentUrl":"https:\/\/bart-et-lemy.com\/blog\/wp-content\/uploads\/2026\/06\/persona_elodie-m-96x96.jpg","caption":"Elodie Mazeau"},"description":"J'\u00e9cris sur la parentalit\u00e9 telle qu'elle se vit vraiment, du premier biberon aux premi\u00e8res col\u00e8res. Mes sujets de pr\u00e9dilection couvrent le quotidien des familles : sommeil, alimentation, organisation, pu\u00e9riculture et ces petites gal\u00e8res que tout parent conna\u00eet. Depuis plusieurs ann\u00e9es, je m'attache \u00e0 proposer des rep\u00e8res concrets plut\u00f4t que des le\u00e7ons, parce que chaque famille trouve son propre \u00e9quilibre. Je v\u00e9rifie mes informations aupr\u00e8s de sources fiables, surtout d\u00e8s qu'on touche \u00e0 la sant\u00e9 ou \u00e0 la s\u00e9curit\u00e9 de l'enfant, et je pr\u00e9cise quand un avis professionnel s'impose. J'\u00e9vite soigneusement la culpabilisation : \u00eatre parent est d\u00e9j\u00e0 assez exigeant. Mon ton se veut complice et bienveillant, un peu comme une discussion entre parents qui se comprennent. L'id\u00e9e est d'all\u00e9ger la charge mentale en donnant des solutions simples et test\u00e9es.","sameAs":["https:\/\/elodiemazeau.fr\/"],"url":"https:\/\/bart-et-lemy.com\/blog\/auteur\/noname\/"}]}},"_links":{"self":[{"href":"https:\/\/bart-et-lemy.com\/blog\/wp-json\/wp\/v2\/posts\/9381","targetHints":{"allow":["GET"]}}],"collection":[{"href":"https:\/\/bart-et-lemy.com\/blog\/wp-json\/wp\/v2\/posts"}],"about":[{"href":"https:\/\/bart-et-lemy.com\/blog\/wp-json\/wp\/v2\/types\/post"}],"author":[{"embeddable":true,"href":"https:\/\/bart-et-lemy.com\/blog\/wp-json\/wp\/v2\/users\/34"}],"replies":[{"embeddable":true,"href":"https:\/\/bart-et-lemy.com\/blog\/wp-json\/wp\/v2\/comments?post=9381"}],"version-history":[{"count":1,"href":"https:\/\/bart-et-lemy.com\/blog\/wp-json\/wp\/v2\/posts\/9381\/revisions"}],"predecessor-version":[{"id":10659,"href":"https:\/\/bart-et-lemy.com\/blog\/wp-json\/wp\/v2\/posts\/9381\/revisions\/10659"}],"wp:featuredmedia":[{"embeddable":true,"href":"https:\/\/bart-et-lemy.com\/blog\/wp-json\/wp\/v2\/media\/10763"}],"wp:attachment":[{"href":"https:\/\/bart-et-lemy.com\/blog\/wp-json\/wp\/v2\/media?parent=9381"}],"wp:term":[{"taxonomy":"category","embeddable":true,"href":"https:\/\/bart-et-lemy.com\/blog\/wp-json\/wp\/v2\/categories?post=9381"},{"taxonomy":"post_tag","embeddable":true,"href":"https:\/\/bart-et-lemy.com\/blog\/wp-json\/wp\/v2\/tags?post=9381"}],"curies":[{"name":"wp","href":"https:\/\/api.w.org\/{rel}","templated":true}]}}