{"id":9395,"date":"2025-05-18T17:59:00","date_gmt":"2025-05-18T15:59:00","guid":{"rendered":"https:\/\/bart-et-lemy.com\/blog\/?p=9395"},"modified":"2025-02-12T17:53:45","modified_gmt":"2025-02-12T16:53:45","slug":"comprendre-la-fumee-tertiaire-chez-les-bebes-risques-et-solutions","status":"publish","type":"post","link":"https:\/\/bart-et-lemy.com\/blog\/a-la-une\/comprendre-la-fumee-tertiaire-chez-les-bebes-risques-et-solutions\/","title":{"rendered":"Comprendre la fum\u00e9e tertiaire chez les b\u00e9b\u00e9s : risques et solutions"},"content":{"rendered":"<h2>Introduction \u00e0 la fum\u00e9e tertiaire<\/h2>\n<p>Qu&rsquo;est-ce que cela signifie exactement et quelles en sont les cons\u00e9quences pour les b\u00e9b\u00e9s ? La fum\u00e9e tertiaire fait r\u00e9f\u00e9rence aux particules nocives qui restent sur les surfaces apr\u00e8s l&rsquo;exposition \u00e0 la fum\u00e9e de cigarette. Ces r\u00e9sidus peuvent avoir des effets n\u00e9fastes sur la sant\u00e9, en particulier pour les enfants dont le syst\u00e8me immunitaire est encore en d\u00e9veloppement. Cet article explore les risques associ\u00e9s \u00e0 la fum\u00e9e tertiaire et fournit des conseils pour prot\u00e9ger les plus vuln\u00e9rables.<\/p>\n<h2>Quelles sont les sources de la fum\u00e9e tertiaire ?<\/h2>\n<p>La fum\u00e9e tertiaire provient principalement de l&rsquo;exposition \u00e0 la fum\u00e9e de cigarette, mais elle peut \u00e9galement \u00eatre g\u00e9n\u00e9r\u00e9e par d&rsquo;autres sources de combustion comme les feux de chemin\u00e9e ou les barbecues. Voici quelques exemples de sources de fum\u00e9e tertiaire :<\/p>\n<blockquote class=\"wp-embedded-content\" data-secret=\"SLe0nNrcOA\"><p><a href=\"https:\/\/bart-et-lemy.com\/blog\/a-la-une\/bebe-nageur-a-tours-les-bienfaits-et-conseils-pratiques-pour-initier-votre-enfant\/\">B\u00e9b\u00e9 nageur \u00e0 Tours : les bienfaits et conseils pratiques pour initier votre enfant<\/a><\/p><\/blockquote>\n<p><iframe loading=\"lazy\" class=\"wp-embedded-content\" sandbox=\"allow-scripts\" security=\"restricted\" style=\"position: absolute; visibility: hidden;\" title=\"\u00ab\u00a0B\u00e9b\u00e9 nageur \u00e0 Tours : les bienfaits et conseils pratiques pour initier votre enfant\u00a0\u00bb &#8212; bart-et-lemy.com\" src=\"https:\/\/bart-et-lemy.com\/blog\/a-la-une\/bebe-nageur-a-tours-les-bienfaits-et-conseils-pratiques-pour-initier-votre-enfant\/embed\/#?secret=c6iOecBfS3#?secret=SLe0nNrcOA\" data-secret=\"SLe0nNrcOA\" width=\"600\" height=\"338\" frameborder=\"0\" marginwidth=\"0\" marginheight=\"0\" scrolling=\"no\"><\/iframe><\/p>\n<ul>\n<li>Les cigarettes allum\u00e9es dans des lieux ferm\u00e9s.<\/li>\n<li>Les v\u00eatements ou les meubles impr\u00e9gn\u00e9s de fum\u00e9e.<\/li>\n<li>Les r\u00e9sidus de fum\u00e9e dans les voitures.<\/li>\n<\/ul>\n<p>Ces particules peuvent se fixer \u00e0 des surfaces telles que les murs, les tapis et les jouets, rendant leur \u00e9limination difficile. Les b\u00e9b\u00e9s, qui passent beaucoup de temps au sol, sont particuli\u00e8rement expos\u00e9s \u00e0 ces polluants.<\/p>\n<h2>Les effets de la fum\u00e9e tertiaire sur les b\u00e9b\u00e9s<\/h2>\n<p>Les recherches montrent que la fum\u00e9e tertiaire peut avoir des effets significatifs sur la sant\u00e9 des b\u00e9b\u00e9s. Voici quelques cons\u00e9quences possibles :<\/p>\n<ul>\n<li><strong>Probl\u00e8mes respiratoires :<\/strong> L&rsquo;exposition \u00e0 la fum\u00e9e tertiaire peut aggraver l&rsquo;asthme et provoquer des infections respiratoires.<\/li>\n<li><strong>D\u00e9veloppement neurologique :<\/strong> Certaines \u00e9tudes sugg\u00e8rent un lien entre l&rsquo;exposition \u00e0 la fum\u00e9e et des retards de d\u00e9veloppement.<\/li>\n<li><strong>Risques accrus de maladies :<\/strong> Les enfants expos\u00e9s \u00e0 la fum\u00e9e tertiaire peuvent \u00eatre plus enclins \u00e0 d\u00e9velopper des allergies.<\/li>\n<\/ul>\n<p>Il est crucial d&rsquo;\u00eatre conscient des risques et de prendre des mesures pour minimiser l&rsquo;exposition des b\u00e9b\u00e9s \u00e0 ces substances toxiques.<\/p>\n<blockquote class=\"wp-embedded-content\" data-secret=\"cavBtDiWI6\"><p><a href=\"https:\/\/bart-et-lemy.com\/blog\/a-la-une\/comment-gerer-un-bebe-taupe-dans-votre-jardin-guide-pratique-et-astuces\/\">Comment g\u00e9rer un b\u00e9b\u00e9 taupe dans votre jardin : guide pratique et astuces<\/a><\/p><\/blockquote>\n<p><iframe loading=\"lazy\" class=\"wp-embedded-content\" sandbox=\"allow-scripts\" security=\"restricted\" style=\"position: absolute; visibility: hidden;\" title=\"\u00ab\u00a0Comment g\u00e9rer un b\u00e9b\u00e9 taupe dans votre jardin : guide pratique et astuces\u00a0\u00bb &#8212; bart-et-lemy.com\" src=\"https:\/\/bart-et-lemy.com\/blog\/a-la-une\/comment-gerer-un-bebe-taupe-dans-votre-jardin-guide-pratique-et-astuces\/embed\/#?secret=0jqB3d2uVu#?secret=cavBtDiWI6\" data-secret=\"cavBtDiWI6\" width=\"600\" height=\"338\" frameborder=\"0\" marginwidth=\"0\" marginheight=\"0\" scrolling=\"no\"><\/iframe><\/p>\n<p><iframe loading=\"lazy\" title=\"Pr.MALEK- R\u00f4le du m\u00e9decin g\u00e9n\u00e9raliste dans la prise en charge du diab\u00e8te\" width=\"1200\" height=\"900\" src=\"https:\/\/www.youtube.com\/embed\/ttqzQSr1C-E?feature=oembed\" frameborder=\"0\" allow=\"accelerometer; autoplay; clipboard-write; encrypted-media; gyroscope; picture-in-picture; web-share\" referrerpolicy=\"strict-origin-when-cross-origin\" allowfullscreen><\/iframe><\/p>\n<h2>Comment r\u00e9duire l&rsquo;exposition \u00e0 la fum\u00e9e tertiaire ?<\/h2>\n<p>Pour prot\u00e9ger les b\u00e9b\u00e9s, voici quelques strat\u00e9gies efficaces :<\/p>\n<ul>\n<li><strong>\u00c9viter de fumer \u00e0 l&rsquo;int\u00e9rieur :<\/strong> Ne jamais fumer dans la maison ou dans la voiture.<\/li>\n<li><strong>Laver fr\u00e9quemment les textiles :<\/strong> Lavez les rideaux, les v\u00eatements et les literies r\u00e9guli\u00e8rement pour \u00e9liminer les r\u00e9sidus.<\/li>\n<li><strong>A\u00e9rer les espaces :<\/strong> Ouvrez les fen\u00eatres pour a\u00e9rer les pi\u00e8ces et r\u00e9duire la concentration de polluants.<\/li>\n<\/ul>\n<p>En appliquant ces conseils, les parents peuvent consid\u00e9rablement diminuer les risques associ\u00e9s \u00e0 la fum\u00e9e tertiaire et assurer un environnement sain pour leurs enfants.<\/p>\n<h2>Ce qu&rsquo;il faut retenir<\/h2>\n<p>La fum\u00e9e tertiaire constitue un danger pour les b\u00e9b\u00e9s, en raison de ses effets potentiellement graves sur leur sant\u00e9. En \u00e9tant proactif et en prenant des mesures pour r\u00e9duire l&rsquo;exposition, chaque parent peut contribuer \u00e0 un environnement plus s\u00fbr. La sensibilisation et l&rsquo;\u00e9ducation autour de cette probl\u00e9matique sont essentielles pour prot\u00e9ger les plus vuln\u00e9rables.<\/p>\n<blockquote>\n<p><strong>\u00ab La pr\u00e9vention commence par la sensibilisation. Informons-nous pour mieux prot\u00e9ger nos enfants. \u00bb<\/strong><\/p>\n<\/blockquote>\n<h3>FAQ :<\/h3>\n<blockquote>\n<ul>\n<li><strong>Qu&rsquo;est-ce que la fum\u00e9e tertiaire ?<\/strong>Il s&rsquo;agit des particules nocives qui restent sur les surfaces apr\u00e8s exposition \u00e0 la fum\u00e9e de cigarette.<\/li>\n<li><strong>Quels sont les effets de la fum\u00e9e tertiaire sur les b\u00e9b\u00e9s ?<\/strong>Elle peut causer des probl\u00e8mes respiratoires, affecter le d\u00e9veloppement neurologique et augmenter les risques de maladies.<\/li>\n<li><strong>Comment r\u00e9duire l&rsquo;exposition \u00e0 la fum\u00e9e tertiaire ?<\/strong>\u00c9vitez de fumer \u00e0 l&rsquo;int\u00e9rieur, lavez r\u00e9guli\u00e8rement les textiles et a\u00e9rez les pi\u00e8ces.<\/li>\n<li><strong>Les jouets peuvent-ils \u00eatre contamin\u00e9s par la fum\u00e9e tertiaire ?<\/strong>Oui, les jouets peuvent accumuler des r\u00e9sidus de fum\u00e9e, il est donc important de les nettoyer r\u00e9guli\u00e8rement.<\/li>\n<\/ul>\n<\/blockquote>\n<table>\n<tr>\n<th>Source de fum\u00e9e<\/th>\n<th>Risques potentiels<\/th>\n<th>Mesures pr\u00e9ventives<\/th>\n<\/tr>\n<tr>\n<td>Cigarettes<\/td>\n<td>Probl\u00e8mes respiratoires<\/td>\n<td>Ne pas fumer \u00e0 l&rsquo;int\u00e9rieur<\/td>\n<\/tr>\n<tr>\n<td>V\u00eatements impr\u00e9gn\u00e9s<\/td>\n<td>D\u00e9veloppement neurologique<\/td>\n<td>Laver r\u00e9guli\u00e8rement<\/td>\n<\/tr>\n<tr>\n<td>Voitures<\/td>\n<td>Allergies<\/td>\n<td>A\u00e9rer fr\u00e9quemment<\/td>\n<\/tr>\n<\/table>\n","protected":false},"excerpt":{"rendered":"","protected":false},"author":34,"featured_media":11370,"comment_status":"open","ping_status":"open","sticky":false,"template":"","format":"standard","meta":{"_acf_changed":false,"manual_indexmenow":false,"indexmenow_id_project":0,"footnotes":""},"categories":[1],"tags":[4714,4692,6669,3857,6670,6671],"class_list":["post-9395","post","type-post","status-publish","format-standard","has-post-thumbnail","hentry","category-a-la-une","tag-bebes","tag-developpement-neurologique","tag-fumee-tertiaire","tag-prevention","tag-problemes-respiratoires","tag-risques-accrus","generate-columns","tablet-grid-50","mobile-grid-100","grid-parent","grid-25"],"acf":[],"yoast_head":"<!-- This site is optimized with the Yoast SEO Premium plugin v21.3 (Yoast SEO v27.3) - https:\/\/yoast.com\/product\/yoast-seo-premium-wordpress\/ -->\n<title>Comprendre la fum\u00e9e tertiaire chez les b\u00e9b\u00e9s<\/title>\n<meta name=\"description\" content=\"Qu&#039;est-ce que cela signifie exactement et quelles en sont les cons\u00e9quences pour les b\u00e9b\u00e9s ?\" \/>\n<meta name=\"robots\" content=\"index, follow, max-snippet:-1, max-image-preview:large, max-video-preview:-1\" \/>\n<link rel=\"canonical\" href=\"https:\/\/bart-et-lemy.com\/blog\/a-la-une\/comprendre-la-fumee-tertiaire-chez-les-bebes-risques-et-solutions\/\" \/>\n<meta property=\"og:locale\" content=\"fr_FR\" \/>\n<meta property=\"og:type\" content=\"article\" \/>\n<meta property=\"og:title\" content=\"Comprendre la fum\u00e9e tertiaire chez les b\u00e9b\u00e9s\" \/>\n<meta property=\"og:description\" content=\"Qu&#039;est-ce que cela signifie exactement et quelles en sont les cons\u00e9quences pour les b\u00e9b\u00e9s ?\" \/>\n<meta property=\"og:url\" content=\"https:\/\/bart-et-lemy.com\/blog\/a-la-une\/comprendre-la-fumee-tertiaire-chez-les-bebes-risques-et-solutions\/\" \/>\n<meta property=\"og:site_name\" content=\"bart-et-lemy.com\" \/>\n<meta property=\"og:image\" content=\"https:\/\/bart-et-lemy.com\/blog\/wp-content\/uploads\/2025\/05\/sdxl-7156f7740430a9fe755ffefa90ceeb2d-scaled.png\" \/>\n\t<meta property=\"og:image:width\" content=\"1200\" \/>\n\t<meta property=\"og:image:height\" content=\"500\" \/>\n\t<meta property=\"og:image:type\" content=\"image\/png\" \/>\n<meta name=\"author\" content=\"Elodie Mazeau\" \/>\n<meta name=\"twitter:card\" content=\"summary_large_image\" \/>\n<script type=\"application\/ld+json\" class=\"yoast-schema-graph\">{\"@context\":\"https:\\\/\\\/schema.org\",\"@graph\":[{\"@type\":\"NewsArticle\",\"@id\":\"https:\\\/\\\/bart-et-lemy.com\\\/blog\\\/a-la-une\\\/comprendre-la-fumee-tertiaire-chez-les-bebes-risques-et-solutions\\\/#article\",\"isPartOf\":{\"@id\":\"https:\\\/\\\/bart-et-lemy.com\\\/blog\\\/a-la-une\\\/comprendre-la-fumee-tertiaire-chez-les-bebes-risques-et-solutions\\\/\"},\"author\":{\"name\":\"Elodie Mazeau\",\"@id\":\"https:\\\/\\\/bart-et-lemy.com\\\/blog\\\/#\\\/schema\\\/person\\\/3c864cdc320801e3db34b663e7e3f816\"},\"headline\":\"Comprendre la fum\u00e9e tertiaire chez les b\u00e9b\u00e9s : risques et solutions\",\"datePublished\":\"2025-05-18T15:59:00+00:00\",\"mainEntityOfPage\":{\"@id\":\"https:\\\/\\\/bart-et-lemy.com\\\/blog\\\/a-la-une\\\/comprendre-la-fumee-tertiaire-chez-les-bebes-risques-et-solutions\\\/\"},\"wordCount\":714,\"commentCount\":22,\"publisher\":{\"@id\":\"https:\\\/\\\/bart-et-lemy.com\\\/blog\\\/#organization\"},\"image\":{\"@id\":\"https:\\\/\\\/bart-et-lemy.com\\\/blog\\\/a-la-une\\\/comprendre-la-fumee-tertiaire-chez-les-bebes-risques-et-solutions\\\/#primaryimage\"},\"thumbnailUrl\":\"https:\\\/\\\/bart-et-lemy.com\\\/blog\\\/wp-content\\\/uploads\\\/2025\\\/05\\\/sdxl-7156f7740430a9fe755ffefa90ceeb2d-scaled.png\",\"keywords\":[\"B\u00e9b\u00e9s\",\"D\u00e9veloppement Neurologique\",\"Fum\u00e9e Tertiaire\",\"Pr\u00e9vention\",\"Probl\u00e8mes Respiratoires\",\"Risques Accrus\"],\"articleSection\":[\"\u00c0 la une\"],\"inLanguage\":\"fr-FR\",\"potentialAction\":[{\"@type\":\"CommentAction\",\"name\":\"Comment\",\"target\":[\"https:\\\/\\\/bart-et-lemy.com\\\/blog\\\/a-la-une\\\/comprendre-la-fumee-tertiaire-chez-les-bebes-risques-et-solutions\\\/#respond\"]}]},{\"@type\":\"WebPage\",\"@id\":\"https:\\\/\\\/bart-et-lemy.com\\\/blog\\\/a-la-une\\\/comprendre-la-fumee-tertiaire-chez-les-bebes-risques-et-solutions\\\/\",\"url\":\"https:\\\/\\\/bart-et-lemy.com\\\/blog\\\/a-la-une\\\/comprendre-la-fumee-tertiaire-chez-les-bebes-risques-et-solutions\\\/\",\"name\":\"Comprendre la fum\u00e9e tertiaire chez les b\u00e9b\u00e9s\",\"isPartOf\":{\"@id\":\"https:\\\/\\\/bart-et-lemy.com\\\/blog\\\/#website\"},\"primaryImageOfPage\":{\"@id\":\"https:\\\/\\\/bart-et-lemy.com\\\/blog\\\/a-la-une\\\/comprendre-la-fumee-tertiaire-chez-les-bebes-risques-et-solutions\\\/#primaryimage\"},\"image\":{\"@id\":\"https:\\\/\\\/bart-et-lemy.com\\\/blog\\\/a-la-une\\\/comprendre-la-fumee-tertiaire-chez-les-bebes-risques-et-solutions\\\/#primaryimage\"},\"thumbnailUrl\":\"https:\\\/\\\/bart-et-lemy.com\\\/blog\\\/wp-content\\\/uploads\\\/2025\\\/05\\\/sdxl-7156f7740430a9fe755ffefa90ceeb2d-scaled.png\",\"datePublished\":\"2025-05-18T15:59:00+00:00\",\"description\":\"Qu'est-ce que cela signifie exactement et quelles en sont les cons\u00e9quences pour les b\u00e9b\u00e9s ?\",\"inLanguage\":\"fr-FR\",\"potentialAction\":[{\"@type\":\"ReadAction\",\"target\":[\"https:\\\/\\\/bart-et-lemy.com\\\/blog\\\/a-la-une\\\/comprendre-la-fumee-tertiaire-chez-les-bebes-risques-et-solutions\\\/\"]}]},{\"@type\":\"ImageObject\",\"inLanguage\":\"fr-FR\",\"@id\":\"https:\\\/\\\/bart-et-lemy.com\\\/blog\\\/a-la-une\\\/comprendre-la-fumee-tertiaire-chez-les-bebes-risques-et-solutions\\\/#primaryimage\",\"url\":\"https:\\\/\\\/bart-et-lemy.com\\\/blog\\\/wp-content\\\/uploads\\\/2025\\\/05\\\/sdxl-7156f7740430a9fe755ffefa90ceeb2d-scaled.png\",\"contentUrl\":\"https:\\\/\\\/bart-et-lemy.com\\\/blog\\\/wp-content\\\/uploads\\\/2025\\\/05\\\/sdxl-7156f7740430a9fe755ffefa90ceeb2d-scaled.png\",\"width\":1200,\"height\":500},{\"@type\":\"WebSite\",\"@id\":\"https:\\\/\\\/bart-et-lemy.com\\\/blog\\\/#website\",\"url\":\"https:\\\/\\\/bart-et-lemy.com\\\/blog\\\/\",\"name\":\"Bart et Lemy\",\"description\":\"L\u2019originalit\u00e9 en toute libert\u00e9.\",\"publisher\":{\"@id\":\"https:\\\/\\\/bart-et-lemy.com\\\/blog\\\/#organization\"},\"alternateName\":\"Conseils parentaux, astuces famille et bien-\u00eatre enfant\",\"potentialAction\":[{\"@type\":\"SearchAction\",\"target\":{\"@type\":\"EntryPoint\",\"urlTemplate\":\"https:\\\/\\\/bart-et-lemy.com\\\/blog\\\/?s={search_term_string}\"},\"query-input\":{\"@type\":\"PropertyValueSpecification\",\"valueRequired\":true,\"valueName\":\"search_term_string\"}}],\"inLanguage\":\"fr-FR\"},{\"@type\":\"Organization\",\"@id\":\"https:\\\/\\\/bart-et-lemy.com\\\/blog\\\/#organization\",\"name\":\"Bart et Lemy\",\"alternateName\":\"bart-et-lemy.com\",\"url\":\"https:\\\/\\\/bart-et-lemy.com\\\/blog\\\/\",\"logo\":{\"@type\":\"ImageObject\",\"inLanguage\":\"fr-FR\",\"@id\":\"https:\\\/\\\/bart-et-lemy.com\\\/blog\\\/#\\\/schema\\\/logo\\\/image\\\/\",\"url\":\"https:\\\/\\\/bart-et-lemy.com\\\/blog\\\/wp-content\\\/uploads\\\/2026\\\/07\\\/logo-auto.png\",\"contentUrl\":\"https:\\\/\\\/bart-et-lemy.com\\\/blog\\\/wp-content\\\/uploads\\\/2026\\\/07\\\/logo-auto.png\",\"width\":1024,\"height\":1024,\"caption\":\"Bart et Lemy\"},\"image\":{\"@id\":\"https:\\\/\\\/bart-et-lemy.com\\\/blog\\\/#\\\/schema\\\/logo\\\/image\\\/\"}},{\"@type\":\"Person\",\"@id\":\"https:\\\/\\\/bart-et-lemy.com\\\/blog\\\/#\\\/schema\\\/person\\\/3c864cdc320801e3db34b663e7e3f816\",\"name\":\"Elodie Mazeau\",\"image\":{\"@type\":\"ImageObject\",\"inLanguage\":\"fr-FR\",\"@id\":\"https:\\\/\\\/bart-et-lemy.com\\\/blog\\\/wp-content\\\/uploads\\\/2026\\\/06\\\/persona_elodie-m-96x96.jpg\",\"url\":\"https:\\\/\\\/bart-et-lemy.com\\\/blog\\\/wp-content\\\/uploads\\\/2026\\\/06\\\/persona_elodie-m-96x96.jpg\",\"contentUrl\":\"https:\\\/\\\/bart-et-lemy.com\\\/blog\\\/wp-content\\\/uploads\\\/2026\\\/06\\\/persona_elodie-m-96x96.jpg\",\"caption\":\"Elodie Mazeau\"},\"description\":\"J'\u00e9cris sur la parentalit\u00e9 telle qu'elle se vit vraiment, du premier biberon aux premi\u00e8res col\u00e8res. Mes sujets de pr\u00e9dilection couvrent le quotidien des familles : sommeil, alimentation, organisation, pu\u00e9riculture et ces petites gal\u00e8res que tout parent conna\u00eet. Depuis plusieurs ann\u00e9es, je m'attache \u00e0 proposer des rep\u00e8res concrets plut\u00f4t que des le\u00e7ons, parce que chaque famille trouve son propre \u00e9quilibre. Je v\u00e9rifie mes informations aupr\u00e8s de sources fiables, surtout d\u00e8s qu'on touche \u00e0 la sant\u00e9 ou \u00e0 la s\u00e9curit\u00e9 de l'enfant, et je pr\u00e9cise quand un avis professionnel s'impose. J'\u00e9vite soigneusement la culpabilisation : \u00eatre parent est d\u00e9j\u00e0 assez exigeant. Mon ton se veut complice et bienveillant, un peu comme une discussion entre parents qui se comprennent. L'id\u00e9e est d'all\u00e9ger la charge mentale en donnant des solutions simples et test\u00e9es.\",\"sameAs\":[\"https:\\\/\\\/elodiemazeau.fr\\\/\"],\"url\":\"https:\\\/\\\/bart-et-lemy.com\\\/blog\\\/auteur\\\/noname\\\/\"}]}<\/script>\n<!-- \/ Yoast SEO Premium plugin. -->","yoast_head_json":{"title":"Comprendre la fum\u00e9e tertiaire chez les b\u00e9b\u00e9s","description":"Qu'est-ce que cela signifie exactement et quelles en sont les cons\u00e9quences pour les b\u00e9b\u00e9s ?","robots":{"index":"index","follow":"follow","max-snippet":"max-snippet:-1","max-image-preview":"max-image-preview:large","max-video-preview":"max-video-preview:-1"},"canonical":"https:\/\/bart-et-lemy.com\/blog\/a-la-une\/comprendre-la-fumee-tertiaire-chez-les-bebes-risques-et-solutions\/","og_locale":"fr_FR","og_type":"article","og_title":"Comprendre la fum\u00e9e tertiaire chez les b\u00e9b\u00e9s","og_description":"Qu'est-ce que cela signifie exactement et quelles en sont les cons\u00e9quences pour les b\u00e9b\u00e9s ?","og_url":"https:\/\/bart-et-lemy.com\/blog\/a-la-une\/comprendre-la-fumee-tertiaire-chez-les-bebes-risques-et-solutions\/","og_site_name":"bart-et-lemy.com","og_image":[{"width":1200,"height":500,"url":"https:\/\/bart-et-lemy.com\/blog\/wp-content\/uploads\/2025\/05\/sdxl-7156f7740430a9fe755ffefa90ceeb2d-scaled.png","type":"image\/png"}],"author":"Elodie Mazeau","twitter_card":"summary_large_image","schema":{"@context":"https:\/\/schema.org","@graph":[{"@type":"NewsArticle","@id":"https:\/\/bart-et-lemy.com\/blog\/a-la-une\/comprendre-la-fumee-tertiaire-chez-les-bebes-risques-et-solutions\/#article","isPartOf":{"@id":"https:\/\/bart-et-lemy.com\/blog\/a-la-une\/comprendre-la-fumee-tertiaire-chez-les-bebes-risques-et-solutions\/"},"author":{"name":"Elodie Mazeau","@id":"https:\/\/bart-et-lemy.com\/blog\/#\/schema\/person\/3c864cdc320801e3db34b663e7e3f816"},"headline":"Comprendre la fum\u00e9e tertiaire chez les b\u00e9b\u00e9s : risques et solutions","datePublished":"2025-05-18T15:59:00+00:00","mainEntityOfPage":{"@id":"https:\/\/bart-et-lemy.com\/blog\/a-la-une\/comprendre-la-fumee-tertiaire-chez-les-bebes-risques-et-solutions\/"},"wordCount":714,"commentCount":22,"publisher":{"@id":"https:\/\/bart-et-lemy.com\/blog\/#organization"},"image":{"@id":"https:\/\/bart-et-lemy.com\/blog\/a-la-une\/comprendre-la-fumee-tertiaire-chez-les-bebes-risques-et-solutions\/#primaryimage"},"thumbnailUrl":"https:\/\/bart-et-lemy.com\/blog\/wp-content\/uploads\/2025\/05\/sdxl-7156f7740430a9fe755ffefa90ceeb2d-scaled.png","keywords":["B\u00e9b\u00e9s","D\u00e9veloppement Neurologique","Fum\u00e9e Tertiaire","Pr\u00e9vention","Probl\u00e8mes Respiratoires","Risques Accrus"],"articleSection":["\u00c0 la une"],"inLanguage":"fr-FR","potentialAction":[{"@type":"CommentAction","name":"Comment","target":["https:\/\/bart-et-lemy.com\/blog\/a-la-une\/comprendre-la-fumee-tertiaire-chez-les-bebes-risques-et-solutions\/#respond"]}]},{"@type":"WebPage","@id":"https:\/\/bart-et-lemy.com\/blog\/a-la-une\/comprendre-la-fumee-tertiaire-chez-les-bebes-risques-et-solutions\/","url":"https:\/\/bart-et-lemy.com\/blog\/a-la-une\/comprendre-la-fumee-tertiaire-chez-les-bebes-risques-et-solutions\/","name":"Comprendre la fum\u00e9e tertiaire chez les b\u00e9b\u00e9s","isPartOf":{"@id":"https:\/\/bart-et-lemy.com\/blog\/#website"},"primaryImageOfPage":{"@id":"https:\/\/bart-et-lemy.com\/blog\/a-la-une\/comprendre-la-fumee-tertiaire-chez-les-bebes-risques-et-solutions\/#primaryimage"},"image":{"@id":"https:\/\/bart-et-lemy.com\/blog\/a-la-une\/comprendre-la-fumee-tertiaire-chez-les-bebes-risques-et-solutions\/#primaryimage"},"thumbnailUrl":"https:\/\/bart-et-lemy.com\/blog\/wp-content\/uploads\/2025\/05\/sdxl-7156f7740430a9fe755ffefa90ceeb2d-scaled.png","datePublished":"2025-05-18T15:59:00+00:00","description":"Qu'est-ce que cela signifie exactement et quelles en sont les cons\u00e9quences pour les b\u00e9b\u00e9s ?","inLanguage":"fr-FR","potentialAction":[{"@type":"ReadAction","target":["https:\/\/bart-et-lemy.com\/blog\/a-la-une\/comprendre-la-fumee-tertiaire-chez-les-bebes-risques-et-solutions\/"]}]},{"@type":"ImageObject","inLanguage":"fr-FR","@id":"https:\/\/bart-et-lemy.com\/blog\/a-la-une\/comprendre-la-fumee-tertiaire-chez-les-bebes-risques-et-solutions\/#primaryimage","url":"https:\/\/bart-et-lemy.com\/blog\/wp-content\/uploads\/2025\/05\/sdxl-7156f7740430a9fe755ffefa90ceeb2d-scaled.png","contentUrl":"https:\/\/bart-et-lemy.com\/blog\/wp-content\/uploads\/2025\/05\/sdxl-7156f7740430a9fe755ffefa90ceeb2d-scaled.png","width":1200,"height":500},{"@type":"WebSite","@id":"https:\/\/bart-et-lemy.com\/blog\/#website","url":"https:\/\/bart-et-lemy.com\/blog\/","name":"Bart et Lemy","description":"L\u2019originalit\u00e9 en toute libert\u00e9.","publisher":{"@id":"https:\/\/bart-et-lemy.com\/blog\/#organization"},"alternateName":"Conseils parentaux, astuces famille et bien-\u00eatre enfant","potentialAction":[{"@type":"SearchAction","target":{"@type":"EntryPoint","urlTemplate":"https:\/\/bart-et-lemy.com\/blog\/?s={search_term_string}"},"query-input":{"@type":"PropertyValueSpecification","valueRequired":true,"valueName":"search_term_string"}}],"inLanguage":"fr-FR"},{"@type":"Organization","@id":"https:\/\/bart-et-lemy.com\/blog\/#organization","name":"Bart et Lemy","alternateName":"bart-et-lemy.com","url":"https:\/\/bart-et-lemy.com\/blog\/","logo":{"@type":"ImageObject","inLanguage":"fr-FR","@id":"https:\/\/bart-et-lemy.com\/blog\/#\/schema\/logo\/image\/","url":"https:\/\/bart-et-lemy.com\/blog\/wp-content\/uploads\/2026\/07\/logo-auto.png","contentUrl":"https:\/\/bart-et-lemy.com\/blog\/wp-content\/uploads\/2026\/07\/logo-auto.png","width":1024,"height":1024,"caption":"Bart et Lemy"},"image":{"@id":"https:\/\/bart-et-lemy.com\/blog\/#\/schema\/logo\/image\/"}},{"@type":"Person","@id":"https:\/\/bart-et-lemy.com\/blog\/#\/schema\/person\/3c864cdc320801e3db34b663e7e3f816","name":"Elodie Mazeau","image":{"@type":"ImageObject","inLanguage":"fr-FR","@id":"https:\/\/bart-et-lemy.com\/blog\/wp-content\/uploads\/2026\/06\/persona_elodie-m-96x96.jpg","url":"https:\/\/bart-et-lemy.com\/blog\/wp-content\/uploads\/2026\/06\/persona_elodie-m-96x96.jpg","contentUrl":"https:\/\/bart-et-lemy.com\/blog\/wp-content\/uploads\/2026\/06\/persona_elodie-m-96x96.jpg","caption":"Elodie Mazeau"},"description":"J'\u00e9cris sur la parentalit\u00e9 telle qu'elle se vit vraiment, du premier biberon aux premi\u00e8res col\u00e8res. Mes sujets de pr\u00e9dilection couvrent le quotidien des familles : sommeil, alimentation, organisation, pu\u00e9riculture et ces petites gal\u00e8res que tout parent conna\u00eet. Depuis plusieurs ann\u00e9es, je m'attache \u00e0 proposer des rep\u00e8res concrets plut\u00f4t que des le\u00e7ons, parce que chaque famille trouve son propre \u00e9quilibre. Je v\u00e9rifie mes informations aupr\u00e8s de sources fiables, surtout d\u00e8s qu'on touche \u00e0 la sant\u00e9 ou \u00e0 la s\u00e9curit\u00e9 de l'enfant, et je pr\u00e9cise quand un avis professionnel s'impose. J'\u00e9vite soigneusement la culpabilisation : \u00eatre parent est d\u00e9j\u00e0 assez exigeant. Mon ton se veut complice et bienveillant, un peu comme une discussion entre parents qui se comprennent. L'id\u00e9e est d'all\u00e9ger la charge mentale en donnant des solutions simples et test\u00e9es.","sameAs":["https:\/\/elodiemazeau.fr\/"],"url":"https:\/\/bart-et-lemy.com\/blog\/auteur\/noname\/"}]}},"_links":{"self":[{"href":"https:\/\/bart-et-lemy.com\/blog\/wp-json\/wp\/v2\/posts\/9395","targetHints":{"allow":["GET"]}}],"collection":[{"href":"https:\/\/bart-et-lemy.com\/blog\/wp-json\/wp\/v2\/posts"}],"about":[{"href":"https:\/\/bart-et-lemy.com\/blog\/wp-json\/wp\/v2\/types\/post"}],"author":[{"embeddable":true,"href":"https:\/\/bart-et-lemy.com\/blog\/wp-json\/wp\/v2\/users\/34"}],"replies":[{"embeddable":true,"href":"https:\/\/bart-et-lemy.com\/blog\/wp-json\/wp\/v2\/comments?post=9395"}],"version-history":[{"count":1,"href":"https:\/\/bart-et-lemy.com\/blog\/wp-json\/wp\/v2\/posts\/9395\/revisions"}],"predecessor-version":[{"id":11313,"href":"https:\/\/bart-et-lemy.com\/blog\/wp-json\/wp\/v2\/posts\/9395\/revisions\/11313"}],"wp:featuredmedia":[{"embeddable":true,"href":"https:\/\/bart-et-lemy.com\/blog\/wp-json\/wp\/v2\/media\/11370"}],"wp:attachment":[{"href":"https:\/\/bart-et-lemy.com\/blog\/wp-json\/wp\/v2\/media?parent=9395"}],"wp:term":[{"taxonomy":"category","embeddable":true,"href":"https:\/\/bart-et-lemy.com\/blog\/wp-json\/wp\/v2\/categories?post=9395"},{"taxonomy":"post_tag","embeddable":true,"href":"https:\/\/bart-et-lemy.com\/blog\/wp-json\/wp\/v2\/tags?post=9395"}],"curies":[{"name":"wp","href":"https:\/\/api.w.org\/{rel}","templated":true}]}}