{"id":9441,"date":"2026-05-19T08:24:58","date_gmt":"2026-05-19T06:24:58","guid":{"rendered":"https:\/\/bart-et-lemy.com\/blog\/?p=9441"},"modified":"2026-05-19T08:24:58","modified_gmt":"2026-05-19T06:24:58","slug":"pourquoi-votre-bebe-se-reveille-a-5h-du-matin-comprendre-et-agir","status":"publish","type":"post","link":"https:\/\/bart-et-lemy.com\/blog\/a-la-une\/pourquoi-votre-bebe-se-reveille-a-5h-du-matin-comprendre-et-agir\/","title":{"rendered":"Pourquoi votre b\u00e9b\u00e9 se r\u00e9veille \u00e0 5h du matin ? Comprendre et agir"},"content":{"rendered":"<div style=\"background:linear-gradient(135deg,#f4f9f5 0%,#eaf3ec 100%);border-left:4px solid #2a5f3f;padding:22px 26px;border-radius:8px;margin:0 0 28px 0;\">\n<div style=\"font-size:11px;letter-spacing:2px;text-transform:uppercase;color:#2a5f3f;font-weight:700;margin-bottom:8px;\">Sommeil de b\u00e9b\u00e9 \u00b7 Guide parents<\/div>\n<div style=\"font-size:17px;line-height:1.6;color:#243329;\">Votre b\u00e9b\u00e9 ouvre les yeux \u00e0 5h chaque matin et la famille \u00e9puis\u00e9e cherche des r\u00e9ponses ? Ce guide bienveillant d\u00e9crypte les vrais m\u00e9canismes du r\u00e9veil pr\u00e9coce, propose une grille d&rsquo;analyse \u00e9tape par \u00e9tape et partage les ajustements qui font la diff\u00e9rence \u2014 sans culpabilit\u00e9, sans m\u00e9thode dure, et toujours dans le respect du rythme de votre enfant.<\/div>\n<\/div>\n<h2>Une probl\u00e9matique fr\u00e9quente chez les jeunes parents<\/h2>\n<p>Ce ph\u00e9nom\u00e8ne survient souvent chez les b\u00e9b\u00e9s, provoquant fatigue et stress chez les adultes. Mais pourquoi ce r\u00e9veil matinal devient-il si courant ?<\/p>\n<p>Plusieurs facteurs entrent en jeu. L&rsquo;un des plus importants est le cycle de sommeil naturel des b\u00e9b\u00e9s. \u00c0 cet \u00e2ge, leur rythme circadien est encore en d\u00e9veloppement, ce qui peut entra\u00eener des r\u00e9veils pr\u00e9coces. Cette situation peut devenir probl\u00e9matique si elle se r\u00e9p\u00e8te nuit apr\u00e8s nuit.<\/p>\n<div style=\"display:grid;grid-template-columns:repeat(auto-fit,minmax(180px,1fr));gap:14px;margin:26px 0;\">\n<div style=\"background:#fff;border:1px solid #d8e6dc;border-radius:10px;padding:18px;text-align:center;\">\n<div style=\"font-size:28px;font-weight:800;color:#2a5f3f;line-height:1;\">5h-6h<\/div>\n<div style=\"font-size:12px;color:#5a6b60;margin-top:6px;text-transform:uppercase;letter-spacing:1px;\">Plage de r\u00e9veil typique<\/div>\n<\/div>\n<div style=\"background:#fff;border:1px solid #d8e6dc;border-radius:10px;padding:18px;text-align:center;\">\n<div style=\"font-size:28px;font-weight:800;color:#2a5f3f;line-height:1;\">50 min<\/div>\n<div style=\"font-size:12px;color:#5a6b60;margin-top:6px;text-transform:uppercase;letter-spacing:1px;\">Cycle b\u00e9b\u00e9 (vs 90 min adulte)<\/div>\n<\/div>\n<div style=\"background:#fff;border:1px solid #d8e6dc;border-radius:10px;padding:18px;text-align:center;\">\n<div style=\"font-size:28px;font-weight:800;color:#2a5f3f;line-height:1;\">6 mois<\/div>\n<div style=\"font-size:12px;color:#5a6b60;margin-top:6px;text-transform:uppercase;letter-spacing:1px;\">Maturation rythme circadien<\/div>\n<\/div>\n<div style=\"background:#fff;border:1px solid #d8e6dc;border-radius:10px;padding:18px;text-align:center;\">\n<div style=\"font-size:28px;font-weight:800;color:#2a5f3f;line-height:1;\">11-14h<\/div>\n<div style=\"font-size:12px;color:#5a6b60;margin-top:6px;text-transform:uppercase;letter-spacing:1px;\">Sommeil quotidien recommand\u00e9<\/div>\n<\/div>\n<\/div>\n<div style=\"background:#fffdf5;border:1px solid #e8dfb8;border-radius:8px;padding:18px 22px;margin:24px 0;\">\n<div style=\"font-size:13px;font-weight:700;color:#7a5e1a;text-transform:uppercase;letter-spacing:1.5px;margin-bottom:8px;\">\u00c0 retenir avant tout<\/div>\n<div style=\"font-size:15px;line-height:1.65;color:#3d3424;\">Si le r\u00e9veil pr\u00e9coce s&rsquo;accompagne de pleurs inconsolables, de signes de douleur, d&rsquo;une perte d&rsquo;app\u00e9tit ou d&rsquo;une fi\u00e8vre, ces conseils ne remplacent pas un avis professionnel. <strong>Consultez votre p\u00e9diatre ou m\u00e9decin traitant<\/strong> pour \u00e9carter toute cause m\u00e9dicale (otite, reflux, ecz\u00e9ma, apn\u00e9es) avant d&rsquo;explorer des pistes purement comportementales.<\/div>\n<\/div>\n<p>Pour aller plus loin sur les enjeux budg\u00e9taires li\u00e9s \u00e0 l&rsquo;arriv\u00e9e d&rsquo;un b\u00e9b\u00e9 et au choix d&rsquo;\u00e9quipements adapt\u00e9s \u00e0 son sommeil, vous pouvez consulter notre dossier complet : https:\/\/bart-et-lemy.com\/blog\/a-la-une\/comprendre-le-prix-des-bebes-sur-mesure-options-et-conseils-pratiques\/<\/p>\n<h2>Les causes possibles des r\u00e9veils matinaux<\/h2>\n<p>Les raisons d&rsquo;un r\u00e9veil \u00e0 5h peuvent \u00eatre vari\u00e9es. Voici quelques explications courantes :<\/p>\n<ul>\n<li><strong>Le cycle de sommeil<\/strong> : Les b\u00e9b\u00e9s ont des cycles de sommeil plus courts que les adultes, ce qui les rend plus susceptibles de se r\u00e9veiller.<\/li>\n<li><strong>La faim<\/strong> : \u00c0 cet \u00e2ge, les b\u00e9b\u00e9s ont besoin de se nourrir fr\u00e9quemment. Un r\u00e9veil matinal peut \u00eatre li\u00e9 \u00e0 une sensation de faim.<\/li>\n<li><strong>Les besoins de confort<\/strong> : Un environnement inconfortable, comme une couche humide ou une temp\u00e9rature inappropri\u00e9e, peut \u00e9galement inciter un b\u00e9b\u00e9 \u00e0 se r\u00e9veiller.<\/li>\n<\/ul>\n<div style=\"background:#f4f9f5;border-radius:10px;padding:24px;margin:28px 0;\">\n<div style=\"font-size:14px;font-weight:800;color:#2a5f3f;text-transform:uppercase;letter-spacing:1.5px;margin-bottom:16px;\">Cartographie des d\u00e9clencheurs \u00b7 les 6 pistes \u00e0 explorer<\/div>\n<div style=\"display:grid;grid-template-columns:repeat(auto-fit,minmax(220px,1fr));gap:14px;\">\n<div style=\"background:#fff;border-left:3px solid #2a5f3f;padding:14px 16px;border-radius:0 6px 6px 0;\">\n<div style=\"font-weight:700;color:#243329;margin-bottom:4px;\">1. Luminosit\u00e9 excessive<\/div>\n<div style=\"font-size:14px;color:#4a5a52;line-height:1.55;\">Le jour qui se l\u00e8ve t\u00f4t en \u00e9t\u00e9 stimule la m\u00e9latonine \u00e0 la baisse. Volets occultants ou rideaux thermiques font souvent gagner 30 \u00e0 60 minutes.<\/div>\n<\/div>\n<div style=\"background:#fff;border-left:3px solid #2a5f3f;padding:14px 16px;border-radius:0 6px 6px 0;\">\n<div style=\"font-weight:700;color:#243329;margin-bottom:4px;\">2. Bruit ambiant<\/div>\n<div style=\"font-size:14px;color:#4a5a52;line-height:1.55;\">Camions de livraison, oiseaux, voisinage. Un bruit blanc doux et continu masque les variations brusques qui font remonter en sommeil l\u00e9ger.<\/div>\n<\/div>\n<div style=\"background:#fff;border-left:3px solid #2a5f3f;padding:14px 16px;border-radius:0 6px 6px 0;\">\n<div style=\"font-weight:700;color:#243329;margin-bottom:4px;\">3. Coucher trop tardif<\/div>\n<div style=\"font-size:14px;color:#4a5a52;line-height:1.55;\">Contre-intuitif mais bien document\u00e9 : un b\u00e9b\u00e9 fatigu\u00e9 dort moins bien. Avancer le coucher de 20-30 minutes am\u00e9liore souvent l&rsquo;horaire de r\u00e9veil.<\/div>\n<\/div>\n<div style=\"background:#fff;border-left:3px solid #2a5f3f;padding:14px 16px;border-radius:0 6px 6px 0;\">\n<div style=\"font-weight:700;color:#243329;margin-bottom:4px;\">4. Sieste mal calibr\u00e9e<\/div>\n<div style=\"font-size:14px;color:#4a5a52;line-height:1.55;\">Une sieste trop courte, trop tardive ou supprim\u00e9e alimente la dette de sommeil et d\u00e9clenche des micro-r\u00e9veils nocturnes.<\/div>\n<\/div>\n<div style=\"background:#fff;border-left:3px solid #2a5f3f;padding:14px 16px;border-radius:0 6px 6px 0;\">\n<div style=\"font-weight:700;color:#243329;margin-bottom:4px;\">5. Pic de d\u00e9veloppement<\/div>\n<div style=\"font-size:14px;color:#4a5a52;line-height:1.55;\">Marche, langage, dents : le cerveau du b\u00e9b\u00e9 travaille la nuit. P\u00e9riode transitoire de 7 \u00e0 14 jours en g\u00e9n\u00e9ral.<\/div>\n<\/div>\n<div style=\"background:#fff;border-left:3px solid #2a5f3f;padding:14px 16px;border-radius:0 6px 6px 0;\">\n<div style=\"font-weight:700;color:#243329;margin-bottom:4px;\">6. Temp\u00e9rature de la chambre<\/div>\n<div style=\"font-size:14px;color:#4a5a52;line-height:1.55;\">L&rsquo;id\u00e9al se situe entre 18 et 20\u00b0C. Au-del\u00e0, le b\u00e9b\u00e9 transpire ; en de\u00e7\u00e0, il se refroidit en fin de nuit et se r\u00e9veille.<\/div>\n<\/div>\n<\/div>\n<\/div>\n<div style=\"margin:28px 0;text-align:center;\">https:\/\/youtu.be\/Xy-1T8_uAhU<\/div>\n<h2>Comment g\u00e9rer ces r\u00e9veils pr\u00e9coces ?<\/h2>\n<p>Il existe plusieurs strat\u00e9gies pour aider votre b\u00e9b\u00e9 \u00e0 rester endormi plus longtemps. Voici quelques conseils pratiques :<\/p>\n<p>Si votre b\u00e9b\u00e9 adopte \u00e9galement des comportements inhabituels au moment du coucher, comme se boucher les oreilles, ce sujet connexe peut vous \u00e9clairer : https:\/\/bart-et-lemy.com\/blog\/a-la-une\/comprendre-pourquoi-votre-bebe-se-bouche-les-oreilles-causes-et-solutions\/<\/p>\n<ul>\n<li><strong>\u00c9tablir une routine de sommeil<\/strong> : Cr\u00e9ez une routine apaisante avant le coucher, comme un bain ou une histoire.<\/li>\n<li><strong>Surveiller l&rsquo;environnement de sommeil<\/strong> : Assurez-vous que la chambre est sombre et \u00e0 une temp\u00e9rature confortable.<\/li>\n<li><strong>\u00c9couter les besoins de votre b\u00e9b\u00e9<\/strong> : R\u00e9pondez rapidement aux pleurs, mais essayez de ne pas intervenir trop rapidement pour l&rsquo;apprendre \u00e0 se rendormir seul.<\/li>\n<\/ul>\n<div style=\"background:#243329;color:#e8f0ea;border-radius:10px;padding:28px;margin:30px 0;\">\n<div style=\"font-size:13px;letter-spacing:2px;text-transform:uppercase;color:#a4c8ad;font-weight:700;margin-bottom:14px;\">Protocole \u00ab\u00a07 nuits\u00a0\u00bb \u00b7 ajustement progressif<\/div>\n<div style=\"display:grid;grid-template-columns:repeat(auto-fit,minmax(160px,1fr));gap:16px;\">\n<div>\n<div style=\"font-size:11px;color:#a4c8ad;font-weight:700;margin-bottom:4px;\">JOUR 1-2<\/div>\n<div style=\"font-size:14px;line-height:1.5;\">Observer sans rien changer. Noter l&rsquo;heure exacte de r\u00e9veil et l&rsquo;\u00e9tat du b\u00e9b\u00e9 (faim, couche, agitation).<\/div>\n<\/div>\n<div>\n<div style=\"font-size:11px;color:#a4c8ad;font-weight:700;margin-bottom:4px;\">JOUR 3-4<\/div>\n<div style=\"font-size:14px;line-height:1.5;\">Optimiser la chambre : occultation totale, 19\u00b0C, bruit blanc \u00e0 faible volume d\u00e8s 22h.<\/div>\n<\/div>\n<div>\n<div style=\"font-size:11px;color:#a4c8ad;font-weight:700;margin-bottom:4px;\">JOUR 5-6<\/div>\n<div style=\"font-size:14px;line-height:1.5;\">Ajuster l&rsquo;heure du coucher de 15-20 minutes plus t\u00f4t et revoir la derni\u00e8re sieste.<\/div>\n<\/div>\n<div>\n<div style=\"font-size:11px;color:#a4c8ad;font-weight:700;margin-bottom:4px;\">JOUR 7<\/div>\n<div style=\"font-size:14px;line-height:1.5;\">Bilan : si l&rsquo;heure de r\u00e9veil a gliss\u00e9 d&rsquo;au moins 20 minutes, on maintient. Sinon, on consulte.<\/div>\n<\/div>\n<\/div>\n<\/div>\n<blockquote><p>\n  \u00ab\u00a0Le sommeil des b\u00e9b\u00e9s est un v\u00e9ritable d\u00e9fi, mais une approche douce et attentive peut faire des merveilles.\u00a0\u00bb &#8211; P\u00e9diatre sp\u00e9cialis\u00e9\n<\/p><\/blockquote>\n<h2>Les cons\u00e9quences des r\u00e9veils pr\u00e9coces<\/h2>\n<p>Les r\u00e9veils matinaux peuvent avoir un impact significatif sur toute la famille. Les parents peuvent ressentir une fatigue accrue, rendant la gestion des t\u00e2ches quotidiennes plus difficile. De plus, un manque de sommeil peut affecter l&rsquo;humeur et la patience des adultes.<\/p>\n<p>Pour le b\u00e9b\u00e9, un sommeil insuffisant peut entraver son d\u00e9veloppement. Un sommeil de qualit\u00e9 est crucial pour la croissance physique et cognitive. Il est donc essentiel de trouver des solutions pour am\u00e9liorer la qualit\u00e9 de sommeil de votre enfant.<\/p>\n<div style=\"display:grid;grid-template-columns:repeat(auto-fit,minmax(230px,1fr));gap:16px;margin:26px 0;\">\n<div style=\"background:#fff;border:1px solid #d8e6dc;border-radius:8px;padding:18px;\">\n<div style=\"font-size:11px;font-weight:700;color:#2a5f3f;text-transform:uppercase;letter-spacing:1.5px;margin-bottom:8px;\">C\u00f4t\u00e9 parents<\/div>\n<div style=\"font-size:14px;color:#3d4a42;line-height:1.6;\">Vigilance r\u00e9duite au volant, irritabilit\u00e9, charge mentale, baisse de la patience. Alterner les nuits avec le co-parent si possible et accepter l&rsquo;aide proche.<\/div>\n<\/div>\n<div style=\"background:#fff;border:1px solid #d8e6dc;border-radius:8px;padding:18px;\">\n<div style=\"font-size:11px;font-weight:700;color:#2a5f3f;text-transform:uppercase;letter-spacing:1.5px;margin-bottom:8px;\">C\u00f4t\u00e9 b\u00e9b\u00e9<\/div>\n<div style=\"font-size:14px;color:#3d4a42;line-height:1.6;\">S\u00e9cr\u00e9tion d&rsquo;hormones de croissance perturb\u00e9e, capacit\u00e9 d&rsquo;apprentissage diminu\u00e9e, humeur instable en journ\u00e9e, app\u00e9tit d\u00e9cal\u00e9.<\/div>\n<\/div>\n<div style=\"background:#fff;border:1px solid #d8e6dc;border-radius:8px;padding:18px;\">\n<div style=\"font-size:11px;font-weight:700;color:#2a5f3f;text-transform:uppercase;letter-spacing:1.5px;margin-bottom:8px;\">C\u00f4t\u00e9 fratrie<\/div>\n<div style=\"font-size:14px;color:#3d4a42;line-height:1.6;\">A\u00een\u00e9s r\u00e9veill\u00e9s \u00e0 leur tour, tension \u00e0 l&rsquo;heure du petit-d\u00e9jeuner, dynamique familiale perturb\u00e9e le matin avant l&rsquo;\u00e9cole.<\/div>\n<\/div>\n<\/div>\n<h2>Erreurs fr\u00e9quentes \u00e0 \u00e9viter<\/h2>\n<div style=\"background:#fdf4f4;border:1px solid #e8c8c8;border-radius:10px;padding:22px;margin:22px 0;\">\n<div style=\"font-size:13px;font-weight:700;color:#a83a3a;text-transform:uppercase;letter-spacing:1.5px;margin-bottom:14px;\">5 r\u00e9flexes contre-productifs<\/div>\n<div style=\"display:grid;grid-template-columns:repeat(auto-fit,minmax(220px,1fr));gap:12px;\">\n<div style=\"background:#fff;padding:12px 14px;border-radius:6px;\"><strong style=\"color:#a83a3a;\">\u00d7<\/strong> Coucher le b\u00e9b\u00e9 plus tard pour \u00ab\u00a0qu&rsquo;il dorme plus\u00a0\u00bb \u2014 l&rsquo;effet est inverse.<\/div>\n<div style=\"background:#fff;padding:12px 14px;border-radius:6px;\"><strong style=\"color:#a83a3a;\">\u00d7<\/strong> Le sortir du lit d\u00e8s 5h : on installe ainsi l&rsquo;horaire dans la routine.<\/div>\n<div style=\"background:#fff;padding:12px 14px;border-radius:6px;\"><strong style=\"color:#a83a3a;\">\u00d7<\/strong> Supprimer la sieste de l&rsquo;apr\u00e8s-midi sans transition douce.<\/div>\n<div style=\"background:#fff;padding:12px 14px;border-radius:6px;\"><strong style=\"color:#a83a3a;\">\u00d7<\/strong> Allumer la lumi\u00e8re du plafond au moindre bruit : pr\u00e9f\u00e9rer une veilleuse rouge tamis\u00e9e.<\/div>\n<div style=\"background:#fff;padding:12px 14px;border-radius:6px;\"><strong style=\"color:#a83a3a;\">\u00d7<\/strong> Comparer son enfant \u00e0 celui des voisins ou du cousin : chaque rythme est singulier.<\/div>\n<\/div>\n<\/div>\n<h2>Rep\u00e8res par tranche d&rsquo;\u00e2ge<\/h2>\n<div style=\"background:#fff;border:1px solid #d8e6dc;border-radius:10px;overflow:hidden;margin:22px 0;\">\n<div style=\"background:#2a5f3f;color:#fff;padding:12px 18px;font-weight:700;font-size:14px;letter-spacing:1px;text-transform:uppercase;\">Besoins indicatifs en sommeil sur 24h<\/div>\n<div style=\"display:grid;grid-template-columns:repeat(auto-fit,minmax(160px,1fr));\">\n<div style=\"padding:16px;border-right:1px solid #eaf0ec;border-bottom:1px solid #eaf0ec;\">\n<div style=\"font-size:12px;color:#5a6b60;text-transform:uppercase;letter-spacing:1px;\">0 &#8211; 3 mois<\/div>\n<div style=\"font-size:20px;font-weight:800;color:#2a5f3f;margin-top:4px;\">14 &#8211; 17h<\/div>\n<div style=\"font-size:13px;color:#4a5a52;margin-top:4px;\">Pas de rythme jour\/nuit install\u00e9.<\/div>\n<\/div>\n<div style=\"padding:16px;border-right:1px solid #eaf0ec;border-bottom:1px solid #eaf0ec;\">\n<div style=\"font-size:12px;color:#5a6b60;text-transform:uppercase;letter-spacing:1px;\">4 &#8211; 11 mois<\/div>\n<div style=\"font-size:20px;font-weight:800;color:#2a5f3f;margin-top:4px;\">12 &#8211; 15h<\/div>\n<div style=\"font-size:13px;color:#4a5a52;margin-top:4px;\">Structuration du rythme circadien.<\/div>\n<\/div>\n<div style=\"padding:16px;border-right:1px solid #eaf0ec;border-bottom:1px solid #eaf0ec;\">\n<div style=\"font-size:12px;color:#5a6b60;text-transform:uppercase;letter-spacing:1px;\">1 &#8211; 2 ans<\/div>\n<div style=\"font-size:20px;font-weight:800;color:#2a5f3f;margin-top:4px;\">11 &#8211; 14h<\/div>\n<div style=\"font-size:13px;color:#4a5a52;margin-top:4px;\">Encore 1 \u00e0 2 siestes par jour.<\/div>\n<\/div>\n<div style=\"padding:16px;border-bottom:1px solid #eaf0ec;\">\n<div style=\"font-size:12px;color:#5a6b60;text-transform:uppercase;letter-spacing:1px;\">3 &#8211; 5 ans<\/div>\n<div style=\"font-size:20px;font-weight:800;color:#2a5f3f;margin-top:4px;\">10 &#8211; 13h<\/div>\n<div style=\"font-size:13px;color:#4a5a52;margin-top:4px;\">Disparition progressive de la sieste.<\/div>\n<\/div>\n<\/div>\n<\/div>\n<h3>FAQ :<\/h3>\n<blockquote>\n<ul>\n<li><strong>Pourquoi mon b\u00e9b\u00e9 se r\u00e9veille-t-il si t\u00f4t ?<\/strong>Les b\u00e9b\u00e9s ont des cycles de sommeil plus courts et peuvent se r\u00e9veiller \u00e0 cause de la faim ou d&rsquo;un inconfort.<\/li>\n<li><strong>Comment puis-je aider mon b\u00e9b\u00e9 \u00e0 dormir plus longtemps ?<\/strong>\u00c9tablissez une routine de sommeil et assurez-vous que son environnement est confortable.<\/li>\n<li><strong>Les siestes de la journ\u00e9e affectent-elles le sommeil nocturne ?<\/strong>Oui, des siestes trop longues ou trop tardives peuvent perturber le sommeil nocturne.<\/li>\n<li><strong>Quand devrais-je m&rsquo;inqui\u00e9ter des r\u00e9veils matinaux ?<\/strong>Si cela devient une habitude qui affecte le bien-\u00eatre de votre b\u00e9b\u00e9 ou le v\u00f4tre, consultez un p\u00e9diatre.<\/li>\n<\/ul>\n<\/blockquote>\n<div style=\"background:linear-gradient(135deg,#eaf3ec 0%,#f4f9f5 100%);border:1px solid #c8dccf;border-radius:10px;padding:22px;margin:24px 0;\">\n<div style=\"font-size:13px;font-weight:700;color:#2a5f3f;text-transform:uppercase;letter-spacing:1.5px;margin-bottom:10px;\">Questions compl\u00e9mentaires fr\u00e9quentes<\/div>\n<div style=\"font-size:15px;line-height:1.65;color:#243329;\">\n<p style=\"margin:0 0 12px 0;\"><strong>Le bruit blanc est-il vraiment s\u00fbr ?<\/strong> Oui, \u00e0 condition de rester sous 50 dB et de placer l&rsquo;appareil \u00e0 plus d&rsquo;un m\u00e8tre du berceau. Pr\u00e9f\u00e9rez les bruits naturels (vent, pluie) aux sons synth\u00e9tiques tr\u00e8s aigus.<\/p>\n<p style=\"margin:0 0 12px 0;\"><strong>Faut-il donner le biberon au r\u00e9veil de 5h ?<\/strong> Avant 6 mois, oui si le b\u00e9b\u00e9 manifeste vraiment la faim. Apr\u00e8s 9-12 mois, mieux vaut \u00e9viter pour ne pas installer un repas nocturne devenu inutile sur le plan physiologique.<\/p>\n<p style=\"margin:0;\"><strong>L&rsquo;horloge biologique se r\u00e8gle-t-elle seule ?<\/strong> Globalement, oui, vers 4-6 mois. Mais l&rsquo;exposition \u00e0 la lumi\u00e8re naturelle en journ\u00e9e et l&rsquo;obscurit\u00e9 totale la nuit acc\u00e9l\u00e8rent consid\u00e9rablement cette maturation.<\/p>\n<\/div>\n<\/div>\n<h2>Checklist du soir \u00b7 pr\u00e9parer une nuit longue<\/h2>\n<div style=\"background:#f4f9f5;border:1px solid #d8e6dc;border-radius:10px;padding:22px;margin:22px 0;\">\n<div style=\"display:grid;grid-template-columns:repeat(auto-fit,minmax(240px,1fr));gap:14px;\">\n<div style=\"background:#fff;padding:14px 16px;border-radius:6px;border-left:3px solid #2a5f3f;\">\n<div style=\"font-weight:700;color:#2a5f3f;margin-bottom:4px;\">Ambiance lumineuse<\/div>\n<div style=\"font-size:14px;color:#4a5a52;line-height:1.55;\">Lumi\u00e8res tamis\u00e9es 30 minutes avant le coucher, \u00e9crans bannis, veilleuse rouge ou ambr\u00e9e si n\u00e9cessaire.<\/div>\n<\/div>\n<div style=\"background:#fff;padding:14px 16px;border-radius:6px;border-left:3px solid #2a5f3f;\">\n<div style=\"font-weight:700;color:#2a5f3f;margin-bottom:4px;\">Temp\u00e9rature et air<\/div>\n<div style=\"font-size:14px;color:#4a5a52;line-height:1.55;\">18 \u00e0 20\u00b0C, chambre a\u00e9r\u00e9e 10 minutes, humidit\u00e9 entre 40 et 60 % en hiver pour \u00e9viter le nez sec.<\/div>\n<\/div>\n<div style=\"background:#fff;padding:14px 16px;border-radius:6px;border-left:3px solid #2a5f3f;\">\n<div style=\"font-weight:700;color:#2a5f3f;margin-bottom:4px;\">Rituel apaisant<\/div>\n<div style=\"font-size:14px;color:#4a5a52;line-height:1.55;\">Bain ti\u00e8de, massage doux, lecture courte, berceuse : toujours dans le m\u00eame ordre pour ancrer le signal sommeil.<\/div>\n<\/div>\n<div style=\"background:#fff;padding:14px 16px;border-radius:6px;border-left:3px solid #2a5f3f;\">\n<div style=\"font-weight:700;color:#2a5f3f;margin-bottom:4px;\">Confort physique<\/div>\n<div style=\"font-size:14px;color:#4a5a52;line-height:1.55;\">Gigoteuse adapt\u00e9e \u00e0 la saison (TOG), couche propre absorbante, v\u00eatements en coton respirant.<\/div>\n<\/div>\n<div style=\"background:#fff;padding:14px 16px;border-radius:6px;border-left:3px solid #2a5f3f;\">\n<div style=\"font-weight:700;color:#2a5f3f;margin-bottom:4px;\">Dernier repas<\/div>\n<div style=\"font-size:14px;color:#4a5a52;line-height:1.55;\">Suffisant mais sans exc\u00e8s, termin\u00e9 30 \u00e0 45 minutes avant le coucher pour \u00e9viter reflux et inconfort digestif.<\/div>\n<\/div>\n<div style=\"background:#fff;padding:14px 16px;border-radius:6px;border-left:3px solid #2a5f3f;\">\n<div style=\"font-weight:700;color:#2a5f3f;margin-bottom:4px;\">Bruit de fond<\/div>\n<div style=\"font-size:14px;color:#4a5a52;line-height:1.55;\">Bruit blanc doux et continu activ\u00e9 d\u00e8s le coucher, id\u00e9alement programm\u00e9 pour s&rsquo;arr\u00eater en fin de nuit.<\/div>\n<\/div>\n<\/div>\n<\/div>\n<h2>Conclusion<\/h2>\n<p>Les r\u00e9veils \u00e0 5h du matin chez un b\u00e9b\u00e9 sont fr\u00e9quents et souvent temporaires. En comprenant les causes et en adoptant des strat\u00e9gies appropri\u00e9es, vous pouvez aider votre enfant \u00e0 mieux dormir. Pensez \u00e0 rester patient et \u00e0 ajuster les routines au besoin. Chaque b\u00e9b\u00e9 est unique, et ce qui fonctionne pour l&rsquo;un peut ne pas fonctionner pour l&rsquo;autre.<\/p>\n<table>\n<tr>\n<th>Causes de r\u00e9veils pr\u00e9coces<\/th>\n<th>Solutions possibles<\/th>\n<th>Impact sur la famille<\/th>\n<\/tr>\n<tr>\n<td>Cycle de sommeil<\/td>\n<td>\u00c9tablir une routine de coucher<\/td>\n<td>Fatigue accrue<\/td>\n<\/tr>\n<tr>\n<td>Faim<\/td>\n<td>Adapter les horaires de repas<\/td>\n<td>Stress parental<\/td>\n<\/tr>\n<tr>\n<td>Inconfort<\/td>\n<td>V\u00e9rifier l&rsquo;environnement de sommeil<\/td>\n<td>D\u00e9veloppement affect\u00e9<\/td>\n<\/tr>\n<\/table>\n<div style=\"background:#fffdf5;border:1px solid #e8dfb8;border-radius:8px;padding:18px 22px;margin:28px 0 0 0;\">\n<div style=\"font-size:13px;font-weight:700;color:#7a5e1a;text-transform:uppercase;letter-spacing:1.5px;margin-bottom:8px;\">Rappel important<\/div>\n<div style=\"font-size:15px;line-height:1.6;color:#3d3424;\">Ce contenu est informatif et bienveillant, mais ne remplace en aucun cas l&rsquo;avis d&rsquo;un professionnel de sant\u00e9. <strong>Si les difficult\u00e9s de sommeil persistent au-del\u00e0 de quelques semaines, s&rsquo;aggravent ou s&rsquo;accompagnent de signes inhabituels, prenez rendez-vous avec votre p\u00e9diatre ou un sp\u00e9cialiste du sommeil p\u00e9diatrique.<\/strong><\/div>\n<\/div>\n","protected":false},"excerpt":{"rendered":"","protected":false},"author":34,"featured_media":10933,"comment_status":"open","ping_status":"open","sticky":false,"template":"","format":"standard","meta":{"_acf_changed":false,"manual_indexmenow":false,"indexmenow_id_project":0,"footnotes":""},"categories":[1],"tags":[4714,5231,5097,6722,4806,4804],"class_list":["post-9441","post","type-post","status-publish","format-standard","has-post-thumbnail","hentry","category-a-la-une","tag-bebes","tag-fatigue","tag-inconfort","tag-reveils","tag-routines","tag-sommeil","generate-columns","tablet-grid-50","mobile-grid-100","grid-parent","grid-25"],"acf":[],"yoast_head":"<!-- This site is optimized with the Yoast SEO Premium plugin v21.3 (Yoast SEO v27.3) - https:\/\/yoast.com\/product\/yoast-seo-premium-wordpress\/ -->\n<title>Pourquoi votre b\u00e9b\u00e9 se r\u00e9veille \u00e0 5h du matin ? Comprendre<\/title>\n<meta name=\"description\" content=\"Ce ph\u00e9nom\u00e8ne survient souvent chez les b\u00e9b\u00e9s, provoquant fatigue et stress chez les adultes. Mais pourquoi ce r\u00e9veil matinal devient-il si courant ?\" \/>\n<meta name=\"robots\" content=\"index, follow, max-snippet:-1, max-image-preview:large, max-video-preview:-1\" \/>\n<link rel=\"canonical\" href=\"https:\/\/bart-et-lemy.com\/blog\/a-la-une\/pourquoi-votre-bebe-se-reveille-a-5h-du-matin-comprendre-et-agir\/\" \/>\n<meta property=\"og:locale\" content=\"fr_FR\" \/>\n<meta property=\"og:type\" content=\"article\" \/>\n<meta property=\"og:title\" content=\"Pourquoi votre b\u00e9b\u00e9 se r\u00e9veille \u00e0 5h du matin ? Comprendre\" \/>\n<meta property=\"og:description\" content=\"Ce ph\u00e9nom\u00e8ne survient souvent chez les b\u00e9b\u00e9s, provoquant fatigue et stress chez les adultes. Mais pourquoi ce r\u00e9veil matinal devient-il si courant ?\" \/>\n<meta property=\"og:url\" content=\"https:\/\/bart-et-lemy.com\/blog\/a-la-une\/pourquoi-votre-bebe-se-reveille-a-5h-du-matin-comprendre-et-agir\/\" \/>\n<meta property=\"og:site_name\" content=\"bart-et-lemy.com\" \/>\n<meta property=\"og:image\" content=\"https:\/\/bart-et-lemy.com\/blog\/wp-content\/uploads\/2025\/05\/sdxl-7353634902c66194d508d17734f5d804-scaled.png\" \/>\n\t<meta property=\"og:image:width\" content=\"1200\" \/>\n\t<meta property=\"og:image:height\" content=\"500\" \/>\n\t<meta property=\"og:image:type\" content=\"image\/png\" \/>\n<meta name=\"author\" content=\"Elodie Mazeau\" \/>\n<meta name=\"twitter:card\" content=\"summary_large_image\" \/>\n<script type=\"application\/ld+json\" class=\"yoast-schema-graph\">{\"@context\":\"https:\\\/\\\/schema.org\",\"@graph\":[{\"@type\":\"NewsArticle\",\"@id\":\"https:\\\/\\\/bart-et-lemy.com\\\/blog\\\/a-la-une\\\/pourquoi-votre-bebe-se-reveille-a-5h-du-matin-comprendre-et-agir\\\/#article\",\"isPartOf\":{\"@id\":\"https:\\\/\\\/bart-et-lemy.com\\\/blog\\\/a-la-une\\\/pourquoi-votre-bebe-se-reveille-a-5h-du-matin-comprendre-et-agir\\\/\"},\"author\":{\"name\":\"Elodie Mazeau\",\"@id\":\"https:\\\/\\\/bart-et-lemy.com\\\/blog\\\/#\\\/schema\\\/person\\\/3c864cdc320801e3db34b663e7e3f816\"},\"headline\":\"Pourquoi votre b\u00e9b\u00e9 se r\u00e9veille \u00e0 5h du matin ? Comprendre et agir\",\"datePublished\":\"2026-05-19T06:24:58+00:00\",\"mainEntityOfPage\":{\"@id\":\"https:\\\/\\\/bart-et-lemy.com\\\/blog\\\/a-la-une\\\/pourquoi-votre-bebe-se-reveille-a-5h-du-matin-comprendre-et-agir\\\/\"},\"wordCount\":1613,\"commentCount\":28,\"publisher\":{\"@id\":\"https:\\\/\\\/bart-et-lemy.com\\\/blog\\\/#organization\"},\"image\":{\"@id\":\"https:\\\/\\\/bart-et-lemy.com\\\/blog\\\/a-la-une\\\/pourquoi-votre-bebe-se-reveille-a-5h-du-matin-comprendre-et-agir\\\/#primaryimage\"},\"thumbnailUrl\":\"https:\\\/\\\/bart-et-lemy.com\\\/blog\\\/wp-content\\\/uploads\\\/2025\\\/05\\\/sdxl-7353634902c66194d508d17734f5d804-scaled.png\",\"keywords\":[\"B\u00e9b\u00e9s\",\"Fatigue\",\"Inconfort\",\"R\u00e9veils\",\"Routines\",\"Sommeil\"],\"articleSection\":[\"\u00c0 la une\"],\"inLanguage\":\"fr-FR\",\"potentialAction\":[{\"@type\":\"CommentAction\",\"name\":\"Comment\",\"target\":[\"https:\\\/\\\/bart-et-lemy.com\\\/blog\\\/a-la-une\\\/pourquoi-votre-bebe-se-reveille-a-5h-du-matin-comprendre-et-agir\\\/#respond\"]}]},{\"@type\":\"WebPage\",\"@id\":\"https:\\\/\\\/bart-et-lemy.com\\\/blog\\\/a-la-une\\\/pourquoi-votre-bebe-se-reveille-a-5h-du-matin-comprendre-et-agir\\\/\",\"url\":\"https:\\\/\\\/bart-et-lemy.com\\\/blog\\\/a-la-une\\\/pourquoi-votre-bebe-se-reveille-a-5h-du-matin-comprendre-et-agir\\\/\",\"name\":\"Pourquoi votre b\u00e9b\u00e9 se r\u00e9veille \u00e0 5h du matin ? Comprendre\",\"isPartOf\":{\"@id\":\"https:\\\/\\\/bart-et-lemy.com\\\/blog\\\/#website\"},\"primaryImageOfPage\":{\"@id\":\"https:\\\/\\\/bart-et-lemy.com\\\/blog\\\/a-la-une\\\/pourquoi-votre-bebe-se-reveille-a-5h-du-matin-comprendre-et-agir\\\/#primaryimage\"},\"image\":{\"@id\":\"https:\\\/\\\/bart-et-lemy.com\\\/blog\\\/a-la-une\\\/pourquoi-votre-bebe-se-reveille-a-5h-du-matin-comprendre-et-agir\\\/#primaryimage\"},\"thumbnailUrl\":\"https:\\\/\\\/bart-et-lemy.com\\\/blog\\\/wp-content\\\/uploads\\\/2025\\\/05\\\/sdxl-7353634902c66194d508d17734f5d804-scaled.png\",\"datePublished\":\"2026-05-19T06:24:58+00:00\",\"description\":\"Ce ph\u00e9nom\u00e8ne survient souvent chez les b\u00e9b\u00e9s, provoquant fatigue et stress chez les adultes. Mais pourquoi ce r\u00e9veil matinal devient-il si courant ?\",\"inLanguage\":\"fr-FR\",\"potentialAction\":[{\"@type\":\"ReadAction\",\"target\":[\"https:\\\/\\\/bart-et-lemy.com\\\/blog\\\/a-la-une\\\/pourquoi-votre-bebe-se-reveille-a-5h-du-matin-comprendre-et-agir\\\/\"]}]},{\"@type\":\"ImageObject\",\"inLanguage\":\"fr-FR\",\"@id\":\"https:\\\/\\\/bart-et-lemy.com\\\/blog\\\/a-la-une\\\/pourquoi-votre-bebe-se-reveille-a-5h-du-matin-comprendre-et-agir\\\/#primaryimage\",\"url\":\"https:\\\/\\\/bart-et-lemy.com\\\/blog\\\/wp-content\\\/uploads\\\/2025\\\/05\\\/sdxl-7353634902c66194d508d17734f5d804-scaled.png\",\"contentUrl\":\"https:\\\/\\\/bart-et-lemy.com\\\/blog\\\/wp-content\\\/uploads\\\/2025\\\/05\\\/sdxl-7353634902c66194d508d17734f5d804-scaled.png\",\"width\":1200,\"height\":500},{\"@type\":\"WebSite\",\"@id\":\"https:\\\/\\\/bart-et-lemy.com\\\/blog\\\/#website\",\"url\":\"https:\\\/\\\/bart-et-lemy.com\\\/blog\\\/\",\"name\":\"Bart et Lemy\",\"description\":\"L\u2019originalit\u00e9 en toute libert\u00e9.\",\"publisher\":{\"@id\":\"https:\\\/\\\/bart-et-lemy.com\\\/blog\\\/#organization\"},\"alternateName\":\"Conseils parentaux, astuces famille et bien-\u00eatre enfant\",\"potentialAction\":[{\"@type\":\"SearchAction\",\"target\":{\"@type\":\"EntryPoint\",\"urlTemplate\":\"https:\\\/\\\/bart-et-lemy.com\\\/blog\\\/?s={search_term_string}\"},\"query-input\":{\"@type\":\"PropertyValueSpecification\",\"valueRequired\":true,\"valueName\":\"search_term_string\"}}],\"inLanguage\":\"fr-FR\"},{\"@type\":\"Organization\",\"@id\":\"https:\\\/\\\/bart-et-lemy.com\\\/blog\\\/#organization\",\"name\":\"Bart et Lemy\",\"alternateName\":\"bart-et-lemy.com\",\"url\":\"https:\\\/\\\/bart-et-lemy.com\\\/blog\\\/\",\"logo\":{\"@type\":\"ImageObject\",\"inLanguage\":\"fr-FR\",\"@id\":\"https:\\\/\\\/bart-et-lemy.com\\\/blog\\\/#\\\/schema\\\/logo\\\/image\\\/\",\"url\":\"https:\\\/\\\/bart-et-lemy.com\\\/blog\\\/wp-content\\\/uploads\\\/2026\\\/07\\\/logo-auto.png\",\"contentUrl\":\"https:\\\/\\\/bart-et-lemy.com\\\/blog\\\/wp-content\\\/uploads\\\/2026\\\/07\\\/logo-auto.png\",\"width\":1024,\"height\":1024,\"caption\":\"Bart et Lemy\"},\"image\":{\"@id\":\"https:\\\/\\\/bart-et-lemy.com\\\/blog\\\/#\\\/schema\\\/logo\\\/image\\\/\"}},{\"@type\":\"Person\",\"@id\":\"https:\\\/\\\/bart-et-lemy.com\\\/blog\\\/#\\\/schema\\\/person\\\/3c864cdc320801e3db34b663e7e3f816\",\"name\":\"Elodie Mazeau\",\"image\":{\"@type\":\"ImageObject\",\"inLanguage\":\"fr-FR\",\"@id\":\"https:\\\/\\\/bart-et-lemy.com\\\/blog\\\/wp-content\\\/uploads\\\/2026\\\/06\\\/persona_elodie-m-96x96.jpg\",\"url\":\"https:\\\/\\\/bart-et-lemy.com\\\/blog\\\/wp-content\\\/uploads\\\/2026\\\/06\\\/persona_elodie-m-96x96.jpg\",\"contentUrl\":\"https:\\\/\\\/bart-et-lemy.com\\\/blog\\\/wp-content\\\/uploads\\\/2026\\\/06\\\/persona_elodie-m-96x96.jpg\",\"caption\":\"Elodie Mazeau\"},\"description\":\"J'\u00e9cris sur la parentalit\u00e9 telle qu'elle se vit vraiment, du premier biberon aux premi\u00e8res col\u00e8res. Mes sujets de pr\u00e9dilection couvrent le quotidien des familles : sommeil, alimentation, organisation, pu\u00e9riculture et ces petites gal\u00e8res que tout parent conna\u00eet. Depuis plusieurs ann\u00e9es, je m'attache \u00e0 proposer des rep\u00e8res concrets plut\u00f4t que des le\u00e7ons, parce que chaque famille trouve son propre \u00e9quilibre. Je v\u00e9rifie mes informations aupr\u00e8s de sources fiables, surtout d\u00e8s qu'on touche \u00e0 la sant\u00e9 ou \u00e0 la s\u00e9curit\u00e9 de l'enfant, et je pr\u00e9cise quand un avis professionnel s'impose. J'\u00e9vite soigneusement la culpabilisation : \u00eatre parent est d\u00e9j\u00e0 assez exigeant. Mon ton se veut complice et bienveillant, un peu comme une discussion entre parents qui se comprennent. L'id\u00e9e est d'all\u00e9ger la charge mentale en donnant des solutions simples et test\u00e9es.\",\"sameAs\":[\"https:\\\/\\\/elodiemazeau.fr\\\/\"],\"url\":\"https:\\\/\\\/bart-et-lemy.com\\\/blog\\\/auteur\\\/noname\\\/\"}]}<\/script>\n<!-- \/ Yoast SEO Premium plugin. -->","yoast_head_json":{"title":"Pourquoi votre b\u00e9b\u00e9 se r\u00e9veille \u00e0 5h du matin ? Comprendre","description":"Ce ph\u00e9nom\u00e8ne survient souvent chez les b\u00e9b\u00e9s, provoquant fatigue et stress chez les adultes. Mais pourquoi ce r\u00e9veil matinal devient-il si courant ?","robots":{"index":"index","follow":"follow","max-snippet":"max-snippet:-1","max-image-preview":"max-image-preview:large","max-video-preview":"max-video-preview:-1"},"canonical":"https:\/\/bart-et-lemy.com\/blog\/a-la-une\/pourquoi-votre-bebe-se-reveille-a-5h-du-matin-comprendre-et-agir\/","og_locale":"fr_FR","og_type":"article","og_title":"Pourquoi votre b\u00e9b\u00e9 se r\u00e9veille \u00e0 5h du matin ? Comprendre","og_description":"Ce ph\u00e9nom\u00e8ne survient souvent chez les b\u00e9b\u00e9s, provoquant fatigue et stress chez les adultes. Mais pourquoi ce r\u00e9veil matinal devient-il si courant ?","og_url":"https:\/\/bart-et-lemy.com\/blog\/a-la-une\/pourquoi-votre-bebe-se-reveille-a-5h-du-matin-comprendre-et-agir\/","og_site_name":"bart-et-lemy.com","og_image":[{"width":1200,"height":500,"url":"https:\/\/bart-et-lemy.com\/blog\/wp-content\/uploads\/2025\/05\/sdxl-7353634902c66194d508d17734f5d804-scaled.png","type":"image\/png"}],"author":"Elodie Mazeau","twitter_card":"summary_large_image","schema":{"@context":"https:\/\/schema.org","@graph":[{"@type":"NewsArticle","@id":"https:\/\/bart-et-lemy.com\/blog\/a-la-une\/pourquoi-votre-bebe-se-reveille-a-5h-du-matin-comprendre-et-agir\/#article","isPartOf":{"@id":"https:\/\/bart-et-lemy.com\/blog\/a-la-une\/pourquoi-votre-bebe-se-reveille-a-5h-du-matin-comprendre-et-agir\/"},"author":{"name":"Elodie Mazeau","@id":"https:\/\/bart-et-lemy.com\/blog\/#\/schema\/person\/3c864cdc320801e3db34b663e7e3f816"},"headline":"Pourquoi votre b\u00e9b\u00e9 se r\u00e9veille \u00e0 5h du matin ? Comprendre et agir","datePublished":"2026-05-19T06:24:58+00:00","mainEntityOfPage":{"@id":"https:\/\/bart-et-lemy.com\/blog\/a-la-une\/pourquoi-votre-bebe-se-reveille-a-5h-du-matin-comprendre-et-agir\/"},"wordCount":1613,"commentCount":28,"publisher":{"@id":"https:\/\/bart-et-lemy.com\/blog\/#organization"},"image":{"@id":"https:\/\/bart-et-lemy.com\/blog\/a-la-une\/pourquoi-votre-bebe-se-reveille-a-5h-du-matin-comprendre-et-agir\/#primaryimage"},"thumbnailUrl":"https:\/\/bart-et-lemy.com\/blog\/wp-content\/uploads\/2025\/05\/sdxl-7353634902c66194d508d17734f5d804-scaled.png","keywords":["B\u00e9b\u00e9s","Fatigue","Inconfort","R\u00e9veils","Routines","Sommeil"],"articleSection":["\u00c0 la une"],"inLanguage":"fr-FR","potentialAction":[{"@type":"CommentAction","name":"Comment","target":["https:\/\/bart-et-lemy.com\/blog\/a-la-une\/pourquoi-votre-bebe-se-reveille-a-5h-du-matin-comprendre-et-agir\/#respond"]}]},{"@type":"WebPage","@id":"https:\/\/bart-et-lemy.com\/blog\/a-la-une\/pourquoi-votre-bebe-se-reveille-a-5h-du-matin-comprendre-et-agir\/","url":"https:\/\/bart-et-lemy.com\/blog\/a-la-une\/pourquoi-votre-bebe-se-reveille-a-5h-du-matin-comprendre-et-agir\/","name":"Pourquoi votre b\u00e9b\u00e9 se r\u00e9veille \u00e0 5h du matin ? Comprendre","isPartOf":{"@id":"https:\/\/bart-et-lemy.com\/blog\/#website"},"primaryImageOfPage":{"@id":"https:\/\/bart-et-lemy.com\/blog\/a-la-une\/pourquoi-votre-bebe-se-reveille-a-5h-du-matin-comprendre-et-agir\/#primaryimage"},"image":{"@id":"https:\/\/bart-et-lemy.com\/blog\/a-la-une\/pourquoi-votre-bebe-se-reveille-a-5h-du-matin-comprendre-et-agir\/#primaryimage"},"thumbnailUrl":"https:\/\/bart-et-lemy.com\/blog\/wp-content\/uploads\/2025\/05\/sdxl-7353634902c66194d508d17734f5d804-scaled.png","datePublished":"2026-05-19T06:24:58+00:00","description":"Ce ph\u00e9nom\u00e8ne survient souvent chez les b\u00e9b\u00e9s, provoquant fatigue et stress chez les adultes. Mais pourquoi ce r\u00e9veil matinal devient-il si courant ?","inLanguage":"fr-FR","potentialAction":[{"@type":"ReadAction","target":["https:\/\/bart-et-lemy.com\/blog\/a-la-une\/pourquoi-votre-bebe-se-reveille-a-5h-du-matin-comprendre-et-agir\/"]}]},{"@type":"ImageObject","inLanguage":"fr-FR","@id":"https:\/\/bart-et-lemy.com\/blog\/a-la-une\/pourquoi-votre-bebe-se-reveille-a-5h-du-matin-comprendre-et-agir\/#primaryimage","url":"https:\/\/bart-et-lemy.com\/blog\/wp-content\/uploads\/2025\/05\/sdxl-7353634902c66194d508d17734f5d804-scaled.png","contentUrl":"https:\/\/bart-et-lemy.com\/blog\/wp-content\/uploads\/2025\/05\/sdxl-7353634902c66194d508d17734f5d804-scaled.png","width":1200,"height":500},{"@type":"WebSite","@id":"https:\/\/bart-et-lemy.com\/blog\/#website","url":"https:\/\/bart-et-lemy.com\/blog\/","name":"Bart et Lemy","description":"L\u2019originalit\u00e9 en toute libert\u00e9.","publisher":{"@id":"https:\/\/bart-et-lemy.com\/blog\/#organization"},"alternateName":"Conseils parentaux, astuces famille et bien-\u00eatre enfant","potentialAction":[{"@type":"SearchAction","target":{"@type":"EntryPoint","urlTemplate":"https:\/\/bart-et-lemy.com\/blog\/?s={search_term_string}"},"query-input":{"@type":"PropertyValueSpecification","valueRequired":true,"valueName":"search_term_string"}}],"inLanguage":"fr-FR"},{"@type":"Organization","@id":"https:\/\/bart-et-lemy.com\/blog\/#organization","name":"Bart et Lemy","alternateName":"bart-et-lemy.com","url":"https:\/\/bart-et-lemy.com\/blog\/","logo":{"@type":"ImageObject","inLanguage":"fr-FR","@id":"https:\/\/bart-et-lemy.com\/blog\/#\/schema\/logo\/image\/","url":"https:\/\/bart-et-lemy.com\/blog\/wp-content\/uploads\/2026\/07\/logo-auto.png","contentUrl":"https:\/\/bart-et-lemy.com\/blog\/wp-content\/uploads\/2026\/07\/logo-auto.png","width":1024,"height":1024,"caption":"Bart et Lemy"},"image":{"@id":"https:\/\/bart-et-lemy.com\/blog\/#\/schema\/logo\/image\/"}},{"@type":"Person","@id":"https:\/\/bart-et-lemy.com\/blog\/#\/schema\/person\/3c864cdc320801e3db34b663e7e3f816","name":"Elodie Mazeau","image":{"@type":"ImageObject","inLanguage":"fr-FR","@id":"https:\/\/bart-et-lemy.com\/blog\/wp-content\/uploads\/2026\/06\/persona_elodie-m-96x96.jpg","url":"https:\/\/bart-et-lemy.com\/blog\/wp-content\/uploads\/2026\/06\/persona_elodie-m-96x96.jpg","contentUrl":"https:\/\/bart-et-lemy.com\/blog\/wp-content\/uploads\/2026\/06\/persona_elodie-m-96x96.jpg","caption":"Elodie Mazeau"},"description":"J'\u00e9cris sur la parentalit\u00e9 telle qu'elle se vit vraiment, du premier biberon aux premi\u00e8res col\u00e8res. Mes sujets de pr\u00e9dilection couvrent le quotidien des familles : sommeil, alimentation, organisation, pu\u00e9riculture et ces petites gal\u00e8res que tout parent conna\u00eet. Depuis plusieurs ann\u00e9es, je m'attache \u00e0 proposer des rep\u00e8res concrets plut\u00f4t que des le\u00e7ons, parce que chaque famille trouve son propre \u00e9quilibre. Je v\u00e9rifie mes informations aupr\u00e8s de sources fiables, surtout d\u00e8s qu'on touche \u00e0 la sant\u00e9 ou \u00e0 la s\u00e9curit\u00e9 de l'enfant, et je pr\u00e9cise quand un avis professionnel s'impose. J'\u00e9vite soigneusement la culpabilisation : \u00eatre parent est d\u00e9j\u00e0 assez exigeant. Mon ton se veut complice et bienveillant, un peu comme une discussion entre parents qui se comprennent. L'id\u00e9e est d'all\u00e9ger la charge mentale en donnant des solutions simples et test\u00e9es.","sameAs":["https:\/\/elodiemazeau.fr\/"],"url":"https:\/\/bart-et-lemy.com\/blog\/auteur\/noname\/"}]}},"_links":{"self":[{"href":"https:\/\/bart-et-lemy.com\/blog\/wp-json\/wp\/v2\/posts\/9441","targetHints":{"allow":["GET"]}}],"collection":[{"href":"https:\/\/bart-et-lemy.com\/blog\/wp-json\/wp\/v2\/posts"}],"about":[{"href":"https:\/\/bart-et-lemy.com\/blog\/wp-json\/wp\/v2\/types\/post"}],"author":[{"embeddable":true,"href":"https:\/\/bart-et-lemy.com\/blog\/wp-json\/wp\/v2\/users\/34"}],"replies":[{"embeddable":true,"href":"https:\/\/bart-et-lemy.com\/blog\/wp-json\/wp\/v2\/comments?post=9441"}],"version-history":[{"count":2,"href":"https:\/\/bart-et-lemy.com\/blog\/wp-json\/wp\/v2\/posts\/9441\/revisions"}],"predecessor-version":[{"id":11678,"href":"https:\/\/bart-et-lemy.com\/blog\/wp-json\/wp\/v2\/posts\/9441\/revisions\/11678"}],"wp:featuredmedia":[{"embeddable":true,"href":"https:\/\/bart-et-lemy.com\/blog\/wp-json\/wp\/v2\/media\/10933"}],"wp:attachment":[{"href":"https:\/\/bart-et-lemy.com\/blog\/wp-json\/wp\/v2\/media?parent=9441"}],"wp:term":[{"taxonomy":"category","embeddable":true,"href":"https:\/\/bart-et-lemy.com\/blog\/wp-json\/wp\/v2\/categories?post=9441"},{"taxonomy":"post_tag","embeddable":true,"href":"https:\/\/bart-et-lemy.com\/blog\/wp-json\/wp\/v2\/tags?post=9441"}],"curies":[{"name":"wp","href":"https:\/\/api.w.org\/{rel}","templated":true}]}}